{"id":41891,"date":"2026-01-27T18:50:13","date_gmt":"2026-01-27T18:50:13","guid":{"rendered":"https:\/\/cnctulua.tv\/?p=41891"},"modified":"2026-01-27T18:50:13","modified_gmt":"2026-01-27T18:50:13","slug":"rescatan-a-menor-de-dos-anos-en-cauca-tras-activacion-de-mecanismos-de-busqueda-urgente","status":"publish","type":"post","link":"https:\/\/cnctulua.tv\/?p=41891","title":{"rendered":"Rescatan a menor de dos a\u00f1os en Cauca tras activaci\u00f3n de Mecanismos de B\u00fasqueda Urgente"},"content":{"rendered":"\n<p>En coordinaci\u00f3n con la Fiscal\u00eda General de la Naci\u00f3n, el GAULA de la Polic\u00eda Valle logr\u00f3 el rescate de una menor de dos a\u00f1os en el municipio de Santander de Quilichao, Cauca. La ni\u00f1a hab\u00eda sido reportada como desaparecida desde el 25 de enero, tras haber sido entregada a una vecina en el municipio de Florida, Valle del Cauca.<\/p>\n\n\n\n<figure class=\"wp-block-embed is-type-video is-provider-youtube wp-block-embed-youtube wp-embed-aspect-16-9 wp-has-aspect-ratio\"><div class=\"wp-block-embed__wrapper\">\n<iframe loading=\"lazy\" title=\"\ud83d\udea8 Rescatan a menor de dos a\u00f1os en Cauca tras activaci\u00f3n de Mecanismos de B\u00fasqueda Urgente.\" width=\"640\" height=\"360\" src=\"https:\/\/www.youtube.com\/embed\/qwZwisec8EI?feature=oembed\" frameborder=\"0\" allow=\"accelerometer; autoplay; clipboard-write; encrypted-media; gyroscope; picture-in-picture; web-share\" referrerpolicy=\"strict-origin-when-cross-origin\" allowfullscreen><\/iframe>\n<\/div><\/figure>\n\n\n\n<p>Seg\u00fan el reporte oficial, la madre de la menor inform\u00f3 que dej\u00f3 a su hija al cuidado de una vecina en el barrio Nuevo Horizonte, pero al poco tiempo no se tuvo m\u00e1s contacto ni se encontr\u00f3 rastro alguno. Por ello, la Estaci\u00f3n de Polic\u00eda Florida recibi\u00f3 la denuncia y se activaron de inmediato los Mecanismos de B\u00fasqueda Urgente (MBU) en articulaci\u00f3n con el CTI de la Fiscal\u00eda.<\/p>\n\n\n\n<p>No se registraron exigencias de car\u00e1cter extorsivo durante la investigaci\u00f3n. La ubicaci\u00f3n de la menor se logr\u00f3 gracias a informaci\u00f3n proporcionada por una fuente humana y al trabajo conjunto entre GAULA Polic\u00eda Valle, SEPRO del Valle y GAULA\u2013SEPRO del Cauca.<\/p>\n\n\n\n<p>La menor fue rescatada en una zona urbana de Santander de Quilichao y fue valorada por una m\u00e9dica en presencia de su madre. Posteriormente, fue entregada al Instituto Colombiano de Bienestar Familiar (ICBF) para el restablecimiento de sus derechos.<\/p>\n\n\n\n<p>Por otro lado, una mujer de 20 a\u00f1os fue capturada por el delito de secuestro simple y puesta a disposici\u00f3n de la Fiscal\u00eda General de la Naci\u00f3n. En las pr\u00f3ximas horas, un juez decidir\u00e1 su situaci\u00f3n judicial.<\/p>\n\n\n\n<p>La operaci\u00f3n cont\u00f3 con la participaci\u00f3n de unidades del GAULA, SIJIN, SIPOL, SEPRO y MSOPT DEVAL. Las autoridades reiteran el llamado a denunciar cualquier hecho que afecte la integridad de ni\u00f1os, ni\u00f1as y adolescentes, y recuerdan la importancia de no dejar a los menores sin vigilancia.<\/p>\n","protected":false},"excerpt":{"rendered":"<p>En coordinaci\u00f3n con la Fiscal\u00eda General de la Naci\u00f3n, el GAULA de la Polic\u00eda Valle logr\u00f3 el rescate de una menor de dos a\u00f1os en el municipio de Santander de Quilichao, Cauca. La ni\u00f1a hab\u00eda sido reportada como desaparecida desde el 25 de enero, tras haber sido entregada a una vecina en el municipio de [&hellip;]<\/p>\n","protected":false},"author":3,"featured_media":41893,"comment_status":"open","ping_status":"open","sticky":false,"template":"","format":"video","meta":{"footnotes":""},"categories":[10,1515],"tags":[],"class_list":["post-41891","post","type-post","status-publish","format-video","has-post-thumbnail","hentry","category-cnc-noticias-tulua","category-cnc-tulua","post_format-post-format-video"],"_links":{"self":[{"href":"https:\/\/cnctulua.tv\/index.php?rest_route=\/wp\/v2\/posts\/41891","targetHints":{"allow":["GET"]}}],"collection":[{"href":"https:\/\/cnctulua.tv\/index.php?rest_route=\/wp\/v2\/posts"}],"about":[{"href":"https:\/\/cnctulua.tv\/index.php?rest_route=\/wp\/v2\/types\/post"}],"author":[{"embeddable":true,"href":"https:\/\/cnctulua.tv\/index.php?rest_route=\/wp\/v2\/users\/3"}],"replies":[{"embeddable":true,"href":"https:\/\/cnctulua.tv\/index.php?rest_route=%2Fwp%2Fv2%2Fcomments&post=41891"}],"version-history":[{"count":1,"href":"https:\/\/cnctulua.tv\/index.php?rest_route=\/wp\/v2\/posts\/41891\/revisions"}],"predecessor-version":[{"id":41894,"href":"https:\/\/cnctulua.tv\/index.php?rest_route=\/wp\/v2\/posts\/41891\/revisions\/41894"}],"wp:featuredmedia":[{"embeddable":true,"href":"https:\/\/cnctulua.tv\/index.php?rest_route=\/wp\/v2\/media\/41893"}],"wp:attachment":[{"href":"https:\/\/cnctulua.tv\/index.php?rest_route=%2Fwp%2Fv2%2Fmedia&parent=41891"}],"wp:term":[{"taxonomy":"category","embeddable":true,"href":"https:\/\/cnctulua.tv\/index.php?rest_route=%2Fwp%2Fv2%2Fcategories&post=41891"},{"taxonomy":"post_tag","embeddable":true,"href":"https:\/\/cnctulua.tv\/index.php?rest_route=%2Fwp%2Fv2%2Ftags&post=41891"}],"curies":[{"name":"wp","href":"https:\/\/api.w.org\/{rel}","templated":true}]}}