{"id":41898,"date":"2026-01-27T19:45:48","date_gmt":"2026-01-27T19:45:48","guid":{"rendered":"https:\/\/cnctulua.tv\/?p=41898"},"modified":"2026-01-27T19:45:48","modified_gmt":"2026-01-27T19:45:48","slug":"capturan-en-jamundi-a-presunto-cabecilla-de-grupo-armado-residual","status":"publish","type":"post","link":"https:\/\/cnctulua.tv\/?p=41898","title":{"rendered":"Capturan en Jamund\u00ed a presunto cabecilla de grupo armado residual."},"content":{"rendered":"\n<p>La Polic\u00eda Nacional confirm\u00f3 la captura de un hombre conocido como alias \u201cEl Mocho\u201d en el municipio de Jamund\u00ed, se\u00f1alado de pertenecer a un grupo armado organizado residual que opera en el sur del Valle del Cauca.<\/p>\n\n\n\n<figure class=\"wp-block-embed is-type-video is-provider-youtube wp-block-embed-youtube wp-embed-aspect-16-9 wp-has-aspect-ratio\"><div class=\"wp-block-embed__wrapper\">\n<iframe loading=\"lazy\" title=\"\u26a0\ufe0f Polic\u00eda captura a presunto cabecilla armado en Jamund\u00ed vinculado a homicidio de patrullero.\" width=\"640\" height=\"360\" src=\"https:\/\/www.youtube.com\/embed\/86o-FkP1D10?feature=oembed\" frameborder=\"0\" allow=\"accelerometer; autoplay; clipboard-write; encrypted-media; gyroscope; picture-in-picture; web-share\" referrerpolicy=\"strict-origin-when-cross-origin\" allowfullscreen><\/iframe>\n<\/div><\/figure>\n\n\n\n<p>De acuerdo con las autoridades, el capturado ser\u00eda presunto cabecilla de la estructura Jaime Mart\u00ednez y tendr\u00eda antecedentes judiciales por homicidio y otros delitos. Durante el procedimiento, las unidades policiales incautaron un arma de fuego tipo pistola.<\/p>\n\n\n\n<p>Seg\u00fan la informaci\u00f3n oficial, alias \u201cEl Mocho\u201d tambi\u00e9n es investigado por su presunta participaci\u00f3n en el homicidio de un patrullero de la Polic\u00eda ocurrido el pasado 25 de enero en el corregimiento de Robles, en hechos en los que result\u00f3 lesionado un menor de edad.<\/p>\n\n\n\n<p>La Polic\u00eda indic\u00f3 que el capturado fue dejado a disposici\u00f3n de la Fiscal\u00eda General de la Naci\u00f3n, autoridad que adelantar\u00e1 el proceso judicial correspondiente.<\/p>\n","protected":false},"excerpt":{"rendered":"<p>La Polic\u00eda Nacional confirm\u00f3 la captura de un hombre conocido como alias \u201cEl Mocho\u201d en el municipio de Jamund\u00ed, se\u00f1alado de pertenecer a un grupo armado organizado residual que opera en el sur del Valle del Cauca. De acuerdo con las autoridades, el capturado ser\u00eda presunto cabecilla de la estructura Jaime Mart\u00ednez y tendr\u00eda antecedentes [&hellip;]<\/p>\n","protected":false},"author":3,"featured_media":41899,"comment_status":"open","ping_status":"open","sticky":false,"template":"","format":"video","meta":{"footnotes":""},"categories":[10,1515],"tags":[],"class_list":["post-41898","post","type-post","status-publish","format-video","has-post-thumbnail","hentry","category-cnc-noticias-tulua","category-cnc-tulua","post_format-post-format-video"],"_links":{"self":[{"href":"https:\/\/cnctulua.tv\/index.php?rest_route=\/wp\/v2\/posts\/41898","targetHints":{"allow":["GET"]}}],"collection":[{"href":"https:\/\/cnctulua.tv\/index.php?rest_route=\/wp\/v2\/posts"}],"about":[{"href":"https:\/\/cnctulua.tv\/index.php?rest_route=\/wp\/v2\/types\/post"}],"author":[{"embeddable":true,"href":"https:\/\/cnctulua.tv\/index.php?rest_route=\/wp\/v2\/users\/3"}],"replies":[{"embeddable":true,"href":"https:\/\/cnctulua.tv\/index.php?rest_route=%2Fwp%2Fv2%2Fcomments&post=41898"}],"version-history":[{"count":1,"href":"https:\/\/cnctulua.tv\/index.php?rest_route=\/wp\/v2\/posts\/41898\/revisions"}],"predecessor-version":[{"id":41904,"href":"https:\/\/cnctulua.tv\/index.php?rest_route=\/wp\/v2\/posts\/41898\/revisions\/41904"}],"wp:featuredmedia":[{"embeddable":true,"href":"https:\/\/cnctulua.tv\/index.php?rest_route=\/wp\/v2\/media\/41899"}],"wp:attachment":[{"href":"https:\/\/cnctulua.tv\/index.php?rest_route=%2Fwp%2Fv2%2Fmedia&parent=41898"}],"wp:term":[{"taxonomy":"category","embeddable":true,"href":"https:\/\/cnctulua.tv\/index.php?rest_route=%2Fwp%2Fv2%2Fcategories&post=41898"},{"taxonomy":"post_tag","embeddable":true,"href":"https:\/\/cnctulua.tv\/index.php?rest_route=%2Fwp%2Fv2%2Ftags&post=41898"}],"curies":[{"name":"wp","href":"https:\/\/api.w.org\/{rel}","templated":true}]}}