{"id":41979,"date":"2026-01-28T19:06:32","date_gmt":"2026-01-28T19:06:32","guid":{"rendered":"https:\/\/cnctulua.tv\/?p=41979"},"modified":"2026-01-28T19:06:32","modified_gmt":"2026-01-28T19:06:32","slug":"comunidad-de-tres-barrios-se-alista-para-la-reapertura-del-parque-las-acacias-en-tulua","status":"publish","type":"post","link":"https:\/\/cnctulua.tv\/?p=41979","title":{"rendered":"Comunidad de tres barrios se alista para la reapertura del parque Las Acacias en Tulu\u00e1."},"content":{"rendered":"\n<p>El parque Las Acacias, ubicado en la zona de influencia entre los barrios Las Acacias, La Merced y Sajonia, en Tulu\u00e1, avanza hacia su etapa final de ejecuci\u00f3n y se prepara para ser abierto a la comunidad.<\/p>\n\n\n\n<p>L\u00edderes comunitarios de los tres sectores hicieron un llamado a los habitantes para participar en jornadas de embellecimiento, limpieza y siembra de zonas verdes, con el prop\u00f3sito de fortalecer el sentido de pertenencia y el cuidado del espacio p\u00fablico.<\/p>\n\n\n\n<figure class=\"wp-block-embed is-type-video is-provider-youtube wp-block-embed-youtube wp-embed-aspect-16-9 wp-has-aspect-ratio\"><div class=\"wp-block-embed__wrapper\">\n<iframe loading=\"lazy\" title=\"\ud83c\udf33 La comunidad de los barrios La Merced, Las Acacias y Sajonia se une para inaugurar el parque.\" width=\"640\" height=\"360\" src=\"https:\/\/www.youtube.com\/embed\/rdsZ7a8rp90?feature=oembed\" frameborder=\"0\" allow=\"accelerometer; autoplay; clipboard-write; encrypted-media; gyroscope; picture-in-picture; web-share\" referrerpolicy=\"strict-origin-when-cross-origin\" allowfullscreen><\/iframe>\n<\/div><\/figure>\n\n\n\n<p>Desde la comunidad destacan que la recuperaci\u00f3n del parque permitir\u00e1 promover la integraci\u00f3n barrial, la recreaci\u00f3n de ni\u00f1os y familias, y la convivencia ciudadana en un entorno renovado. As\u00ed mismo, reiteraron la importancia de la participaci\u00f3n activa para conservar el parque como un espacio seguro y de uso comunitario.<\/p>\n","protected":false},"excerpt":{"rendered":"<p>El parque Las Acacias, ubicado en la zona de influencia entre los barrios Las Acacias, La Merced y Sajonia, en Tulu\u00e1, avanza hacia su etapa final de ejecuci\u00f3n y se prepara para ser abierto a la comunidad. L\u00edderes comunitarios de los tres sectores hicieron un llamado a los habitantes para participar en jornadas de embellecimiento, [&hellip;]<\/p>\n","protected":false},"author":3,"featured_media":41983,"comment_status":"open","ping_status":"open","sticky":false,"template":"","format":"video","meta":{"footnotes":""},"categories":[10,1515],"tags":[],"class_list":["post-41979","post","type-post","status-publish","format-video","has-post-thumbnail","hentry","category-cnc-noticias-tulua","category-cnc-tulua","post_format-post-format-video"],"_links":{"self":[{"href":"https:\/\/cnctulua.tv\/index.php?rest_route=\/wp\/v2\/posts\/41979","targetHints":{"allow":["GET"]}}],"collection":[{"href":"https:\/\/cnctulua.tv\/index.php?rest_route=\/wp\/v2\/posts"}],"about":[{"href":"https:\/\/cnctulua.tv\/index.php?rest_route=\/wp\/v2\/types\/post"}],"author":[{"embeddable":true,"href":"https:\/\/cnctulua.tv\/index.php?rest_route=\/wp\/v2\/users\/3"}],"replies":[{"embeddable":true,"href":"https:\/\/cnctulua.tv\/index.php?rest_route=%2Fwp%2Fv2%2Fcomments&post=41979"}],"version-history":[{"count":1,"href":"https:\/\/cnctulua.tv\/index.php?rest_route=\/wp\/v2\/posts\/41979\/revisions"}],"predecessor-version":[{"id":41985,"href":"https:\/\/cnctulua.tv\/index.php?rest_route=\/wp\/v2\/posts\/41979\/revisions\/41985"}],"wp:featuredmedia":[{"embeddable":true,"href":"https:\/\/cnctulua.tv\/index.php?rest_route=\/wp\/v2\/media\/41983"}],"wp:attachment":[{"href":"https:\/\/cnctulua.tv\/index.php?rest_route=%2Fwp%2Fv2%2Fmedia&parent=41979"}],"wp:term":[{"taxonomy":"category","embeddable":true,"href":"https:\/\/cnctulua.tv\/index.php?rest_route=%2Fwp%2Fv2%2Fcategories&post=41979"},{"taxonomy":"post_tag","embeddable":true,"href":"https:\/\/cnctulua.tv\/index.php?rest_route=%2Fwp%2Fv2%2Ftags&post=41979"}],"curies":[{"name":"wp","href":"https:\/\/api.w.org\/{rel}","templated":true}]}}