{"id":41992,"date":"2026-01-28T19:31:02","date_gmt":"2026-01-28T19:31:02","guid":{"rendered":"https:\/\/cnctulua.tv\/?p=41992"},"modified":"2026-01-28T19:31:02","modified_gmt":"2026-01-28T19:31:02","slug":"valle-del-cauca-no-registra-casos-de-fiebre-amarilla-y-refuerza-llamado-a-la-vacunacion","status":"publish","type":"post","link":"https:\/\/cnctulua.tv\/?p=41992","title":{"rendered":"Valle del Cauca no registra casos de fiebre amarilla y refuerza llamado a la vacunaci\u00f3n."},"content":{"rendered":"\n<p>La Secretar\u00eda de Salud del Valle del Cauca confirm\u00f3 que actualmente el departamento no presenta casos de fiebre amarilla. No obstante, las autoridades insisten en la importancia de mantener altos niveles de vacunaci\u00f3n para prevenir la llegada del virus, que mantiene en alerta a otras regiones del pa\u00eds.<\/p>\n\n\n\n<figure class=\"wp-block-embed is-type-video is-provider-youtube wp-block-embed-youtube wp-embed-aspect-16-9 wp-has-aspect-ratio\"><div class=\"wp-block-embed__wrapper\">\n<iframe loading=\"lazy\" title=\"\ud83d\udea8 \ud83e\ude7a\ud83d\udc9b Autoridades de salud refuerzan llamado a la vacunaci\u00f3n contra la fiebre amarilla.\" width=\"640\" height=\"360\" src=\"https:\/\/www.youtube.com\/embed\/_g6UkrU8EOs?feature=oembed\" frameborder=\"0\" allow=\"accelerometer; autoplay; clipboard-write; encrypted-media; gyroscope; picture-in-picture; web-share\" referrerpolicy=\"strict-origin-when-cross-origin\" allowfullscreen><\/iframe>\n<\/div><\/figure>\n\n\n\n<p>Seg\u00fan el reporte oficial, en el departamento se han aplicado m\u00e1s de 81.200 dosis del biol\u00f3gico, priorizando poblaciones en riesgo. La secretaria de Salud, Mar\u00eda Cristina Lesmes, explic\u00f3 que la vacuna se aplica una sola vez en la vida, aunque quienes hayan sido inmunizados hace m\u00e1s de diez a\u00f1os y hayan viajado o residido en zonas end\u00e9micas del Tolima deben recibir una dosis de refuerzo.<\/p>\n\n\n\n<p>Las cifras indican que 14.068 ni\u00f1os entre 9 y 23 meses han sido vacunados, alcanzando una cobertura del 77,7%. A esto se suman 14.872 ni\u00f1os y adolescentes entre 2 y 19 a\u00f1os, 51.052 personas entre 20 y 59 a\u00f1os y 1.274 mayores de 60 a\u00f1os.<\/p>\n\n\n\n<p>La Secretar\u00eda de Salud reiter\u00f3 el llamado a la ciudadan\u00eda a revisar su carn\u00e9 de vacunaci\u00f3n y acudir a los puntos habilitados, especialmente antes de viajar a zonas de riesgo.<\/p>\n","protected":false},"excerpt":{"rendered":"<p>La Secretar\u00eda de Salud del Valle del Cauca confirm\u00f3 que actualmente el departamento no presenta casos de fiebre amarilla. No obstante, las autoridades insisten en la importancia de mantener altos niveles de vacunaci\u00f3n para prevenir la llegada del virus, que mantiene en alerta a otras regiones del pa\u00eds. Seg\u00fan el reporte oficial, en el departamento [&hellip;]<\/p>\n","protected":false},"author":3,"featured_media":41993,"comment_status":"open","ping_status":"open","sticky":false,"template":"","format":"video","meta":{"footnotes":""},"categories":[10,1515],"tags":[],"class_list":["post-41992","post","type-post","status-publish","format-video","has-post-thumbnail","hentry","category-cnc-noticias-tulua","category-cnc-tulua","post_format-post-format-video"],"_links":{"self":[{"href":"https:\/\/cnctulua.tv\/index.php?rest_route=\/wp\/v2\/posts\/41992","targetHints":{"allow":["GET"]}}],"collection":[{"href":"https:\/\/cnctulua.tv\/index.php?rest_route=\/wp\/v2\/posts"}],"about":[{"href":"https:\/\/cnctulua.tv\/index.php?rest_route=\/wp\/v2\/types\/post"}],"author":[{"embeddable":true,"href":"https:\/\/cnctulua.tv\/index.php?rest_route=\/wp\/v2\/users\/3"}],"replies":[{"embeddable":true,"href":"https:\/\/cnctulua.tv\/index.php?rest_route=%2Fwp%2Fv2%2Fcomments&post=41992"}],"version-history":[{"count":1,"href":"https:\/\/cnctulua.tv\/index.php?rest_route=\/wp\/v2\/posts\/41992\/revisions"}],"predecessor-version":[{"id":41995,"href":"https:\/\/cnctulua.tv\/index.php?rest_route=\/wp\/v2\/posts\/41992\/revisions\/41995"}],"wp:featuredmedia":[{"embeddable":true,"href":"https:\/\/cnctulua.tv\/index.php?rest_route=\/wp\/v2\/media\/41993"}],"wp:attachment":[{"href":"https:\/\/cnctulua.tv\/index.php?rest_route=%2Fwp%2Fv2%2Fmedia&parent=41992"}],"wp:term":[{"taxonomy":"category","embeddable":true,"href":"https:\/\/cnctulua.tv\/index.php?rest_route=%2Fwp%2Fv2%2Fcategories&post=41992"},{"taxonomy":"post_tag","embeddable":true,"href":"https:\/\/cnctulua.tv\/index.php?rest_route=%2Fwp%2Fv2%2Ftags&post=41992"}],"curies":[{"name":"wp","href":"https:\/\/api.w.org\/{rel}","templated":true}]}}