{"id":44205,"date":"2026-03-13T19:38:16","date_gmt":"2026-03-13T19:38:16","guid":{"rendered":"https:\/\/cnctulua.tv\/?p=44205"},"modified":"2026-03-13T19:38:16","modified_gmt":"2026-03-13T19:38:16","slug":"la-federacion-colombiana-de-pesas-definio-calendario-deportivo-2026-y-creo-comision-de-equidad","status":"publish","type":"post","link":"https:\/\/cnctulua.tv\/?p=44205","title":{"rendered":"La Federaci\u00f3n Colombiana de Pesas defini\u00f3 calendario deportivo 2026 y cre\u00f3 comisi\u00f3n de equidad."},"content":{"rendered":"\n<p>En Cali se llev\u00f3 a cabo la asamblea ordinaria de la Federaci\u00f3n Colombiana de Levantamiento de Pesas, espacio en el que participaron las ligas afiliadas para revisar el informe de gesti\u00f3n, definir lineamientos administrativos y aprobar el calendario deportivo de la temporada 2026.<\/p>\n\n\n\n<figure class=\"wp-block-embed is-type-video is-provider-youtube wp-block-embed-youtube wp-embed-aspect-16-9 wp-has-aspect-ratio\"><div class=\"wp-block-embed__wrapper\">\n<iframe loading=\"lazy\" title=\"\ud83c\udfcb\ufe0f El levantamiento de pesas colombiano define su temporada 2026.\" width=\"640\" height=\"360\" src=\"https:\/\/www.youtube.com\/embed\/tp2u6m_9lNE?feature=oembed\" frameborder=\"0\" allow=\"accelerometer; autoplay; clipboard-write; encrypted-media; gyroscope; picture-in-picture; web-share\" referrerpolicy=\"strict-origin-when-cross-origin\" allowfullscreen><\/iframe>\n<\/div><\/figure>\n\n\n\n<p>Durante la jornada se anunci\u00f3 la creaci\u00f3n de la comisi\u00f3n de Equidad de G\u00e9nero y Deporte Seguro, iniciativa orientada a trabajar en la prevenci\u00f3n, atenci\u00f3n y erradicaci\u00f3n de violencias basadas en g\u00e9nero dentro del \u00e1mbito deportivo.<\/p>\n\n\n\n<p>Esta comisi\u00f3n qued\u00f3 conformada por Doris Robayo de Cundinamarca, Daniela Melo de Bogot\u00e1, Sof\u00eda Castro del Valle del Cauca, Anderson G\u00f3mez de las Fuerzas Armadas y Juan Pablo Solarte de Nari\u00f1o.<\/p>\n\n\n\n<figure class=\"wp-block-gallery has-nested-images columns-default is-cropped wp-block-gallery-1 is-layout-flex wp-block-gallery-is-layout-flex\">\n<figure class=\"wp-block-image size-large\"><img loading=\"lazy\" decoding=\"async\" width=\"1024\" height=\"768\" data-id=\"44222\" src=\"https:\/\/cnctulua.tv\/wp-content\/uploads\/2026\/03\/apoyos-FEDERACION-COLOMBIANA-PESAS-2-1024x768.jpeg\" alt=\"\" class=\"wp-image-44222\" srcset=\"https:\/\/cnctulua.tv\/wp-content\/uploads\/2026\/03\/apoyos-FEDERACION-COLOMBIANA-PESAS-2-1024x768.jpeg 1024w, https:\/\/cnctulua.tv\/wp-content\/uploads\/2026\/03\/apoyos-FEDERACION-COLOMBIANA-PESAS-2-300x225.jpeg 300w, https:\/\/cnctulua.tv\/wp-content\/uploads\/2026\/03\/apoyos-FEDERACION-COLOMBIANA-PESAS-2-768x576.jpeg 768w, https:\/\/cnctulua.tv\/wp-content\/uploads\/2026\/03\/apoyos-FEDERACION-COLOMBIANA-PESAS-2.jpeg 1280w\" sizes=\"auto, (max-width: 1024px) 100vw, 1024px\" \/><\/figure>\n<\/figure>\n\n\n\n<p>En la asamblea tambi\u00e9n se aprobaron decisiones relacionadas con el funcionamiento administrativo de la federaci\u00f3n, el presupuesto del organismo y la permanencia como entidad sin \u00e1nimo de lucro.<\/p>\n\n\n\n<p>En cuanto al calendario competitivo, se definieron varios eventos nacionales e internacionales para la temporada. Entre ellos se destacan el Campeonato Nacional de mayores y sub 23 que se realizar\u00e1 en Palmira entre el 1 y el 5 de junio, y el Campeonato Mundial Junior de levantamiento de pesas que se disputar\u00e1 en Cali entre el 4 y el 11 de julio.<\/p>\n\n\n\n<p>Adem\u00e1s, Monter\u00eda ser\u00e1 sede del segundo campeonato clasificatorio a Juegos Nacionales entre el 28 y el 31 de agosto, mientras que Pereira albergar\u00e1 el Campeonato Nacional sub 13, 15 y 17 entre el 12 y el 18 de octubre.<\/p>\n","protected":false},"excerpt":{"rendered":"<p>En Cali se llev\u00f3 a cabo la asamblea ordinaria de la Federaci\u00f3n Colombiana de Levantamiento de Pesas, espacio en el que participaron las ligas afiliadas para revisar el informe de gesti\u00f3n, definir lineamientos administrativos y aprobar el calendario deportivo de la temporada 2026. Durante la jornada se anunci\u00f3 la creaci\u00f3n de la comisi\u00f3n de Equidad [&hellip;]<\/p>\n","protected":false},"author":3,"featured_media":44221,"comment_status":"open","ping_status":"open","sticky":false,"template":"","format":"video","meta":{"footnotes":""},"categories":[10,1515,1],"tags":[],"class_list":["post-44205","post","type-post","status-publish","format-video","has-post-thumbnail","hentry","category-cnc-noticias-tulua","category-cnc-tulua","category-uncategorized","post_format-post-format-video"],"_links":{"self":[{"href":"https:\/\/cnctulua.tv\/index.php?rest_route=\/wp\/v2\/posts\/44205","targetHints":{"allow":["GET"]}}],"collection":[{"href":"https:\/\/cnctulua.tv\/index.php?rest_route=\/wp\/v2\/posts"}],"about":[{"href":"https:\/\/cnctulua.tv\/index.php?rest_route=\/wp\/v2\/types\/post"}],"author":[{"embeddable":true,"href":"https:\/\/cnctulua.tv\/index.php?rest_route=\/wp\/v2\/users\/3"}],"replies":[{"embeddable":true,"href":"https:\/\/cnctulua.tv\/index.php?rest_route=%2Fwp%2Fv2%2Fcomments&post=44205"}],"version-history":[{"count":1,"href":"https:\/\/cnctulua.tv\/index.php?rest_route=\/wp\/v2\/posts\/44205\/revisions"}],"predecessor-version":[{"id":44223,"href":"https:\/\/cnctulua.tv\/index.php?rest_route=\/wp\/v2\/posts\/44205\/revisions\/44223"}],"wp:featuredmedia":[{"embeddable":true,"href":"https:\/\/cnctulua.tv\/index.php?rest_route=\/wp\/v2\/media\/44221"}],"wp:attachment":[{"href":"https:\/\/cnctulua.tv\/index.php?rest_route=%2Fwp%2Fv2%2Fmedia&parent=44205"}],"wp:term":[{"taxonomy":"category","embeddable":true,"href":"https:\/\/cnctulua.tv\/index.php?rest_route=%2Fwp%2Fv2%2Fcategories&post=44205"},{"taxonomy":"post_tag","embeddable":true,"href":"https:\/\/cnctulua.tv\/index.php?rest_route=%2Fwp%2Fv2%2Ftags&post=44205"}],"curies":[{"name":"wp","href":"https:\/\/api.w.org\/{rel}","templated":true}]}}