{"id":44249,"date":"2026-03-16T16:33:57","date_gmt":"2026-03-16T16:33:57","guid":{"rendered":"https:\/\/cnctulua.tv\/?p=44249"},"modified":"2026-03-16T16:33:57","modified_gmt":"2026-03-16T16:33:57","slug":"en-los-municipios-de-cartago-y-obando-son-capturados-siete-presuntos-integrantes-de-los-viejos-en-norte-del-valle","status":"publish","type":"post","link":"https:\/\/cnctulua.tv\/?p=44249","title":{"rendered":"En los municipios de Cartago y Obando son capturados siete presuntos integrantes de \u201cLos Viejos\u201d en norte del Valle."},"content":{"rendered":"\n<p>Siete personas se\u00f1aladas de integrar el grupo delincuencial conocido como \u201cLos Viejos\u201d fueron capturadas en operativos adelantados en los municipios de Cartago y Obando, en el norte del Valle del Cauca.<\/p>\n\n\n\n<figure class=\"wp-block-embed is-type-video is-provider-youtube wp-block-embed-youtube wp-embed-aspect-16-9 wp-has-aspect-ratio\"><div class=\"wp-block-embed__wrapper\">\n<iframe loading=\"lazy\" title=\"\ud83d\udea8 Golpe a estructuras criminales conocida como \u201cLos Viejos\u201d en el norte del Valle del Cauca.\" width=\"640\" height=\"360\" src=\"https:\/\/www.youtube.com\/embed\/D2dyU5AZ_Sw?feature=oembed\" frameborder=\"0\" allow=\"accelerometer; autoplay; clipboard-write; encrypted-media; gyroscope; picture-in-picture; web-share\" referrerpolicy=\"strict-origin-when-cross-origin\" allowfullscreen><\/iframe>\n<\/div><\/figure>\n\n\n\n<p>Las detenciones se realizaron mediante \u00f3rdenes judiciales durante diligencias de registro y allanamiento en los barrios Villa del Sol, en Obando, y El Sam\u00e1n, en Cartago.<\/p>\n\n\n\n<figure class=\"wp-block-gallery has-nested-images columns-default is-cropped wp-block-gallery-1 is-layout-flex wp-block-gallery-is-layout-flex\">\n<figure class=\"wp-block-image size-large\"><img loading=\"lazy\" decoding=\"async\" width=\"838\" height=\"474\" data-id=\"44267\" src=\"https:\/\/cnctulua.tv\/wp-content\/uploads\/2026\/03\/7.png\" alt=\"\" class=\"wp-image-44267\" srcset=\"https:\/\/cnctulua.tv\/wp-content\/uploads\/2026\/03\/7.png 838w, https:\/\/cnctulua.tv\/wp-content\/uploads\/2026\/03\/7-300x170.png 300w, https:\/\/cnctulua.tv\/wp-content\/uploads\/2026\/03\/7-768x434.png 768w\" sizes=\"auto, (max-width: 838px) 100vw, 838px\" \/><\/figure>\n<\/figure>\n\n\n\n<p>Entre los capturados se encuentran hombres conocidos con los alias de \u201cBarbado\u201d, \u201cValero\u201d, \u201cEl Mono\u201d, \u201cTimmy\u201d, \u201cEl Gordo\u201d y quien ser\u00eda se\u00f1alado como cabecilla de la estructura, identificado con los alias de \u201cChin\u201d o \u201cMono Liso\u201d.<\/p>\n\n\n\n<p>De manera paralela, en el municipio de Vista Hermosa, Meta, fue capturado otro presunto integrante conocido como alias \u201cGuada\u00f1a\u201d.<\/p>\n\n\n\n<p>Los detenidos son requeridos por delitos como homicidio agravado, concierto para delinquir agravado y fabricaci\u00f3n, tr\u00e1fico o porte de armas de fuego.<\/p>\n\n\n\n<p>Seg\u00fan las investigaciones, esta estructura delincuencial tendr\u00eda presencia en municipios como Ansermanuevo y Cartago, donde presuntamente participaba en actividades criminales relacionadas con disputas entre organizaciones delincuenciales.<\/p>\n\n\n\n<p>Las autoridades indicaron que con estas capturas se avanza en el esclarecimiento de al menos ocho homicidios registrados en esta zona del departamento, incluidos tres casos de doble homicidio ocurridos entre noviembre de 2024 y enero de 2025.<\/p>\n\n\n\n<p>Tras las audiencias preliminares, un juez de la Rep\u00fablica orden\u00f3 medida de aseguramiento en centro carcelario para los capturados mientras contin\u00faa el proceso judicial.<\/p>\n","protected":false},"excerpt":{"rendered":"<p>Siete personas se\u00f1aladas de integrar el grupo delincuencial conocido como \u201cLos Viejos\u201d fueron capturadas en operativos adelantados en los municipios de Cartago y Obando, en el norte del Valle del Cauca. Las detenciones se realizaron mediante \u00f3rdenes judiciales durante diligencias de registro y allanamiento en los barrios Villa del Sol, en Obando, y El Sam\u00e1n, [&hellip;]<\/p>\n","protected":false},"author":3,"featured_media":44266,"comment_status":"open","ping_status":"open","sticky":false,"template":"","format":"video","meta":{"footnotes":""},"categories":[10,1515,1],"tags":[],"class_list":["post-44249","post","type-post","status-publish","format-video","has-post-thumbnail","hentry","category-cnc-noticias-tulua","category-cnc-tulua","category-uncategorized","post_format-post-format-video"],"_links":{"self":[{"href":"https:\/\/cnctulua.tv\/index.php?rest_route=\/wp\/v2\/posts\/44249","targetHints":{"allow":["GET"]}}],"collection":[{"href":"https:\/\/cnctulua.tv\/index.php?rest_route=\/wp\/v2\/posts"}],"about":[{"href":"https:\/\/cnctulua.tv\/index.php?rest_route=\/wp\/v2\/types\/post"}],"author":[{"embeddable":true,"href":"https:\/\/cnctulua.tv\/index.php?rest_route=\/wp\/v2\/users\/3"}],"replies":[{"embeddable":true,"href":"https:\/\/cnctulua.tv\/index.php?rest_route=%2Fwp%2Fv2%2Fcomments&post=44249"}],"version-history":[{"count":1,"href":"https:\/\/cnctulua.tv\/index.php?rest_route=\/wp\/v2\/posts\/44249\/revisions"}],"predecessor-version":[{"id":44268,"href":"https:\/\/cnctulua.tv\/index.php?rest_route=\/wp\/v2\/posts\/44249\/revisions\/44268"}],"wp:featuredmedia":[{"embeddable":true,"href":"https:\/\/cnctulua.tv\/index.php?rest_route=\/wp\/v2\/media\/44266"}],"wp:attachment":[{"href":"https:\/\/cnctulua.tv\/index.php?rest_route=%2Fwp%2Fv2%2Fmedia&parent=44249"}],"wp:term":[{"taxonomy":"category","embeddable":true,"href":"https:\/\/cnctulua.tv\/index.php?rest_route=%2Fwp%2Fv2%2Fcategories&post=44249"},{"taxonomy":"post_tag","embeddable":true,"href":"https:\/\/cnctulua.tv\/index.php?rest_route=%2Fwp%2Fv2%2Ftags&post=44249"}],"curies":[{"name":"wp","href":"https:\/\/api.w.org\/{rel}","templated":true}]}}