{"id":44301,"date":"2026-03-17T18:02:57","date_gmt":"2026-03-17T18:02:57","guid":{"rendered":"https:\/\/cnctulua.tv\/?p=44301"},"modified":"2026-03-17T18:02:57","modified_gmt":"2026-03-17T18:02:57","slug":"envian-a-prision-a-presunto-implicado-en-crimen-de-funcionario-de-la-dian","status":"publish","type":"post","link":"https:\/\/cnctulua.tv\/?p=44301","title":{"rendered":"Env\u00edan a prisi\u00f3n a presunto implicado en crimen de funcionario de la DIAN."},"content":{"rendered":"\n<p>Un juez de control de garant\u00edas impuso medida de aseguramiento en centro carcelario contra Cristian Alexis Mu\u00f1oz Londo\u00f1o, se\u00f1alado de participar en el asesinato del director seccional de la DIAN en Tulu\u00e1.<\/p>\n\n\n\n<figure class=\"wp-block-embed is-type-video is-provider-youtube wp-block-embed-youtube wp-embed-aspect-16-9 wp-has-aspect-ratio\"><div class=\"wp-block-embed__wrapper\">\n<iframe loading=\"lazy\" title=\"\u2696\ufe0f\ud83d\udea8 A prisi\u00f3n presunto implicado en crimen de funcionario de la DIAN en Tulu\u00e1.\" width=\"640\" height=\"360\" src=\"https:\/\/www.youtube.com\/embed\/hewYnYO5Mnc?feature=oembed\" frameborder=\"0\" allow=\"accelerometer; autoplay; clipboard-write; encrypted-media; gyroscope; picture-in-picture; web-share\" referrerpolicy=\"strict-origin-when-cross-origin\" allowfullscreen><\/iframe>\n<\/div><\/figure>\n\n\n\n<p>Los hechos ocurrieron el 18 de diciembre de 2025, cuando la v\u00edctima, de 64 a\u00f1os, fue atacada con arma de fuego mientras se movilizaba en su veh\u00edculo en el barrio San Benito.<\/p>\n\n\n\n<p>De acuerdo con la investigaci\u00f3n, el procesado habr\u00eda viajado desde Cali para facilitar la ubicaci\u00f3n de la v\u00edctima y alertar el momento en que deb\u00eda ejecutarse el ataque.<\/p>\n\n\n\n<p>Adem\u00e1s, habr\u00eda participado en la huida de los responsables tras el crimen.<\/p>\n\n\n\n<p>Por estos hechos, la Fiscal\u00eda le imput\u00f3 los delitos de homicidio agravado y porte ilegal de armas agravado. El acusado no acept\u00f3 los cargos.<\/p>\n\n\n\n<p>Mientras avanza el proceso judicial, el hombre deber\u00e1 permanecer privado de la libertad en centro carcelario.<\/p>\n","protected":false},"excerpt":{"rendered":"<p>Un juez de control de garant\u00edas impuso medida de aseguramiento en centro carcelario contra Cristian Alexis Mu\u00f1oz Londo\u00f1o, se\u00f1alado de participar en el asesinato del director seccional de la DIAN en Tulu\u00e1. Los hechos ocurrieron el 18 de diciembre de 2025, cuando la v\u00edctima, de 64 a\u00f1os, fue atacada con arma de fuego mientras se [&hellip;]<\/p>\n","protected":false},"author":3,"featured_media":44313,"comment_status":"open","ping_status":"open","sticky":false,"template":"","format":"video","meta":{"footnotes":""},"categories":[10,1515,1],"tags":[],"class_list":["post-44301","post","type-post","status-publish","format-video","has-post-thumbnail","hentry","category-cnc-noticias-tulua","category-cnc-tulua","category-uncategorized","post_format-post-format-video"],"_links":{"self":[{"href":"https:\/\/cnctulua.tv\/index.php?rest_route=\/wp\/v2\/posts\/44301","targetHints":{"allow":["GET"]}}],"collection":[{"href":"https:\/\/cnctulua.tv\/index.php?rest_route=\/wp\/v2\/posts"}],"about":[{"href":"https:\/\/cnctulua.tv\/index.php?rest_route=\/wp\/v2\/types\/post"}],"author":[{"embeddable":true,"href":"https:\/\/cnctulua.tv\/index.php?rest_route=\/wp\/v2\/users\/3"}],"replies":[{"embeddable":true,"href":"https:\/\/cnctulua.tv\/index.php?rest_route=%2Fwp%2Fv2%2Fcomments&post=44301"}],"version-history":[{"count":1,"href":"https:\/\/cnctulua.tv\/index.php?rest_route=\/wp\/v2\/posts\/44301\/revisions"}],"predecessor-version":[{"id":44318,"href":"https:\/\/cnctulua.tv\/index.php?rest_route=\/wp\/v2\/posts\/44301\/revisions\/44318"}],"wp:featuredmedia":[{"embeddable":true,"href":"https:\/\/cnctulua.tv\/index.php?rest_route=\/wp\/v2\/media\/44313"}],"wp:attachment":[{"href":"https:\/\/cnctulua.tv\/index.php?rest_route=%2Fwp%2Fv2%2Fmedia&parent=44301"}],"wp:term":[{"taxonomy":"category","embeddable":true,"href":"https:\/\/cnctulua.tv\/index.php?rest_route=%2Fwp%2Fv2%2Fcategories&post=44301"},{"taxonomy":"post_tag","embeddable":true,"href":"https:\/\/cnctulua.tv\/index.php?rest_route=%2Fwp%2Fv2%2Ftags&post=44301"}],"curies":[{"name":"wp","href":"https:\/\/api.w.org\/{rel}","templated":true}]}}