{"id":44377,"date":"2026-03-18T17:08:42","date_gmt":"2026-03-18T17:08:42","guid":{"rendered":"https:\/\/cnctulua.tv\/?p=44377"},"modified":"2026-03-18T17:08:42","modified_gmt":"2026-03-18T17:08:42","slug":"capturan-a-cabecilla-financiero-del-frente-57-en-quinchia","status":"publish","type":"post","link":"https:\/\/cnctulua.tv\/?p=44377","title":{"rendered":"Capturan a cabecilla financiero del Frente 57 en Quinch\u00eda"},"content":{"rendered":"\n<p>El 3 de marzo de 2026, las autoridades de seguridad realizaron la captura de alias \u201cEl Negro Isa\u00edas\u201d, se\u00f1alado cabecilla financiero del Frente 57 \u201cYair Berm\u00fadez\u201d, en el corregimiento de Irra, municipio de Quinch\u00eda.<\/p>\n\n\n\n<figure class=\"wp-block-embed is-type-video is-provider-youtube wp-block-embed-youtube wp-embed-aspect-16-9 wp-has-aspect-ratio\"><div class=\"wp-block-embed__wrapper\">\n<iframe loading=\"lazy\" title=\"\ud83d\udd34 Operativo del GAULA captura l\u00edder de extorsiones y secuestros cabecilla financiero del Frente 57.\" width=\"640\" height=\"360\" src=\"https:\/\/www.youtube.com\/embed\/WzRtVfq-sag?feature=oembed\" frameborder=\"0\" allow=\"accelerometer; autoplay; clipboard-write; encrypted-media; gyroscope; picture-in-picture; web-share\" referrerpolicy=\"strict-origin-when-cross-origin\" allowfullscreen><\/iframe>\n<\/div><\/figure>\n\n\n\n<p>Seg\u00fan informes judiciales, el capturado ten\u00eda m\u00e1s de 10 a\u00f1os de trayectoria delictiva, inicialmente en las disidencias del Frente \u201cAd\u00e1n Izquierdo\u201d, y luego liderando operaciones de secuestro y extorsi\u00f3n que implicaban montos de hasta 2.500 millones de pesos.<\/p>\n\n\n\n<p>El procedimiento, realizado por la Seccional de Inteligencia Policial y el GAULA, con coordinaci\u00f3n judicial, busca debilitar la estructura econ\u00f3mica de la organizaci\u00f3n y reducir su capacidad para cometer delitos. La ciudadan\u00eda puede reportar hechos que afecten su seguridad mediante la l\u00ednea 165 del GAULA.<\/p>\n","protected":false},"excerpt":{"rendered":"<p>El 3 de marzo de 2026, las autoridades de seguridad realizaron la captura de alias \u201cEl Negro Isa\u00edas\u201d, se\u00f1alado cabecilla financiero del Frente 57 \u201cYair Berm\u00fadez\u201d, en el corregimiento de Irra, municipio de Quinch\u00eda. Seg\u00fan informes judiciales, el capturado ten\u00eda m\u00e1s de 10 a\u00f1os de trayectoria delictiva, inicialmente en las disidencias del Frente \u201cAd\u00e1n Izquierdo\u201d, [&hellip;]<\/p>\n","protected":false},"author":3,"featured_media":44379,"comment_status":"open","ping_status":"open","sticky":false,"template":"","format":"video","meta":{"footnotes":""},"categories":[10,1515,1],"tags":[],"class_list":["post-44377","post","type-post","status-publish","format-video","has-post-thumbnail","hentry","category-cnc-noticias-tulua","category-cnc-tulua","category-uncategorized","post_format-post-format-video"],"_links":{"self":[{"href":"https:\/\/cnctulua.tv\/index.php?rest_route=\/wp\/v2\/posts\/44377","targetHints":{"allow":["GET"]}}],"collection":[{"href":"https:\/\/cnctulua.tv\/index.php?rest_route=\/wp\/v2\/posts"}],"about":[{"href":"https:\/\/cnctulua.tv\/index.php?rest_route=\/wp\/v2\/types\/post"}],"author":[{"embeddable":true,"href":"https:\/\/cnctulua.tv\/index.php?rest_route=\/wp\/v2\/users\/3"}],"replies":[{"embeddable":true,"href":"https:\/\/cnctulua.tv\/index.php?rest_route=%2Fwp%2Fv2%2Fcomments&post=44377"}],"version-history":[{"count":1,"href":"https:\/\/cnctulua.tv\/index.php?rest_route=\/wp\/v2\/posts\/44377\/revisions"}],"predecessor-version":[{"id":44385,"href":"https:\/\/cnctulua.tv\/index.php?rest_route=\/wp\/v2\/posts\/44377\/revisions\/44385"}],"wp:featuredmedia":[{"embeddable":true,"href":"https:\/\/cnctulua.tv\/index.php?rest_route=\/wp\/v2\/media\/44379"}],"wp:attachment":[{"href":"https:\/\/cnctulua.tv\/index.php?rest_route=%2Fwp%2Fv2%2Fmedia&parent=44377"}],"wp:term":[{"taxonomy":"category","embeddable":true,"href":"https:\/\/cnctulua.tv\/index.php?rest_route=%2Fwp%2Fv2%2Fcategories&post=44377"},{"taxonomy":"post_tag","embeddable":true,"href":"https:\/\/cnctulua.tv\/index.php?rest_route=%2Fwp%2Fv2%2Ftags&post=44377"}],"curies":[{"name":"wp","href":"https:\/\/api.w.org\/{rel}","templated":true}]}}