{"id":44397,"date":"2026-03-18T18:12:22","date_gmt":"2026-03-18T18:12:22","guid":{"rendered":"https:\/\/cnctulua.tv\/?p=44397"},"modified":"2026-03-18T18:12:22","modified_gmt":"2026-03-18T18:12:22","slug":"la-iniciativa-busca-promover-bienestar-fisico-y-mental-en-el-barrio-victoria","status":"publish","type":"post","link":"https:\/\/cnctulua.tv\/?p=44397","title":{"rendered":"La iniciativa busca promover bienestar f\u00edsico y mental en el barrio Victoria."},"content":{"rendered":"\n<p>En Tulu\u00e1, habitantes del barrio Victoria participan en jornadas gratuitas de yoga, una iniciativa comunitaria que promueve la salud y el bienestar.<\/p>\n\n\n\n<figure class=\"wp-block-embed is-type-video is-provider-youtube wp-block-embed-youtube wp-embed-aspect-16-9 wp-has-aspect-ratio\"><div class=\"wp-block-embed__wrapper\">\n<iframe loading=\"lazy\" title=\"\ud83c\udf3f \ud83e\uddd8\u200d\u2640\ufe0fComunidad y estudiantes impulsan clases de yoga para salud f\u00edsica y mental en Tulu\u00e1.\" width=\"640\" height=\"360\" src=\"https:\/\/www.youtube.com\/embed\/9LCR2N7gn6U?feature=oembed\" frameborder=\"0\" allow=\"accelerometer; autoplay; clipboard-write; encrypted-media; gyroscope; picture-in-picture; web-share\" referrerpolicy=\"strict-origin-when-cross-origin\" allowfullscreen><\/iframe>\n<\/div><\/figure>\n\n\n\n<p>La actividad es desarrollada por la Junta de Acci\u00f3n Comunal en articulaci\u00f3n con la Universidad del Valle, permitiendo la integraci\u00f3n entre estudiantes y comunidad a trav\u00e9s de pr\u00e1cticas guiadas.<\/p>\n\n\n\n<p>Las clases se llevan a cabo en la sede comunal del sector, en distintos horarios durante la semana, con el objetivo de facilitar la participaci\u00f3n de los interesados.<\/p>\n\n\n\n<p>Esta iniciativa se desarrollar\u00e1 durante el semestre acad\u00e9mico y est\u00e1 abierta a toda la poblaci\u00f3n, sin costo alguno. Los asistentes solo deben contar con ropa c\u00f3moda y disposici\u00f3n para realizar la actividad.<\/p>\n","protected":false},"excerpt":{"rendered":"<p>En Tulu\u00e1, habitantes del barrio Victoria participan en jornadas gratuitas de yoga, una iniciativa comunitaria que promueve la salud y el bienestar. La actividad es desarrollada por la Junta de Acci\u00f3n Comunal en articulaci\u00f3n con la Universidad del Valle, permitiendo la integraci\u00f3n entre estudiantes y comunidad a trav\u00e9s de pr\u00e1cticas guiadas. Las clases se llevan [&hellip;]<\/p>\n","protected":false},"author":3,"featured_media":44403,"comment_status":"open","ping_status":"open","sticky":false,"template":"","format":"video","meta":{"footnotes":""},"categories":[10,1515,1],"tags":[],"class_list":["post-44397","post","type-post","status-publish","format-video","has-post-thumbnail","hentry","category-cnc-noticias-tulua","category-cnc-tulua","category-uncategorized","post_format-post-format-video"],"_links":{"self":[{"href":"https:\/\/cnctulua.tv\/index.php?rest_route=\/wp\/v2\/posts\/44397","targetHints":{"allow":["GET"]}}],"collection":[{"href":"https:\/\/cnctulua.tv\/index.php?rest_route=\/wp\/v2\/posts"}],"about":[{"href":"https:\/\/cnctulua.tv\/index.php?rest_route=\/wp\/v2\/types\/post"}],"author":[{"embeddable":true,"href":"https:\/\/cnctulua.tv\/index.php?rest_route=\/wp\/v2\/users\/3"}],"replies":[{"embeddable":true,"href":"https:\/\/cnctulua.tv\/index.php?rest_route=%2Fwp%2Fv2%2Fcomments&post=44397"}],"version-history":[{"count":1,"href":"https:\/\/cnctulua.tv\/index.php?rest_route=\/wp\/v2\/posts\/44397\/revisions"}],"predecessor-version":[{"id":44404,"href":"https:\/\/cnctulua.tv\/index.php?rest_route=\/wp\/v2\/posts\/44397\/revisions\/44404"}],"wp:featuredmedia":[{"embeddable":true,"href":"https:\/\/cnctulua.tv\/index.php?rest_route=\/wp\/v2\/media\/44403"}],"wp:attachment":[{"href":"https:\/\/cnctulua.tv\/index.php?rest_route=%2Fwp%2Fv2%2Fmedia&parent=44397"}],"wp:term":[{"taxonomy":"category","embeddable":true,"href":"https:\/\/cnctulua.tv\/index.php?rest_route=%2Fwp%2Fv2%2Fcategories&post=44397"},{"taxonomy":"post_tag","embeddable":true,"href":"https:\/\/cnctulua.tv\/index.php?rest_route=%2Fwp%2Fv2%2Ftags&post=44397"}],"curies":[{"name":"wp","href":"https:\/\/api.w.org\/{rel}","templated":true}]}}