{"id":44490,"date":"2026-03-20T17:47:35","date_gmt":"2026-03-20T17:47:35","guid":{"rendered":"https:\/\/cnctulua.tv\/?p=44490"},"modified":"2026-03-20T17:47:35","modified_gmt":"2026-03-20T17:47:35","slug":"panorama-regional-autoridades-judiciales-investigan-homicidios-y-agresiones-en-valle-del-cauca","status":"publish","type":"post","link":"https:\/\/cnctulua.tv\/?p=44490","title":{"rendered":"PANORAMA REGIONAL: Autoridades judiciales investigan homicidios y agresiones en Valle del Cauca."},"content":{"rendered":"\n<p>El Valle del Cauca reporta varios hechos recientes que incluyen homicidios con arma de fuego y judicializaciones por agresiones a menores, mientras las autoridades contin\u00faan con las investigaciones para esclarecer los hechos y determinar responsabilidades.<\/p>\n\n\n\n<figure class=\"wp-block-embed is-type-video is-provider-youtube wp-block-embed-youtube wp-embed-aspect-16-9 wp-has-aspect-ratio\"><div class=\"wp-block-embed__wrapper\">\n<iframe loading=\"lazy\" title=\"\u2696\ufe0f PANORAMA REGIONAL: en Valle del Cauca, capturas, homicidios y judaizaciones en Valle del Cauca.\" width=\"640\" height=\"360\" src=\"https:\/\/www.youtube.com\/embed\/xCJxwRSDtZg?feature=oembed\" frameborder=\"0\" allow=\"accelerometer; autoplay; clipboard-write; encrypted-media; gyroscope; picture-in-picture; web-share\" referrerpolicy=\"strict-origin-when-cross-origin\" allowfullscreen><\/iframe>\n<\/div><\/figure>\n\n\n\n<p>En zona rural de Sal\u00f3nica, fue hallado sin vida Gabriel Arc\u00e1ngel Urrego Monsalve, de 62 a\u00f1os, quien presentaba una herida ocasionada con arma de fuego. Personal de la SIJIN realiz\u00f3 la inspecci\u00f3n t\u00e9cnica al cad\u00e1ver mientras las autoridades avanzan en la investigaci\u00f3n sobre los m\u00f3viles y presuntos responsables.<\/p>\n\n\n\n<figure class=\"wp-block-gallery has-nested-images columns-default is-cropped wp-block-gallery-1 is-layout-flex wp-block-gallery-is-layout-flex\">\n<figure class=\"wp-block-image size-large\"><img loading=\"lazy\" decoding=\"async\" width=\"719\" height=\"1024\" data-id=\"44497\" src=\"https:\/\/cnctulua.tv\/wp-content\/uploads\/2026\/03\/Jairo-Giovanni-Campo-Arboleda-1-719x1024.jpg\" alt=\"\" class=\"wp-image-44497\" srcset=\"https:\/\/cnctulua.tv\/wp-content\/uploads\/2026\/03\/Jairo-Giovanni-Campo-Arboleda-1-719x1024.jpg 719w, https:\/\/cnctulua.tv\/wp-content\/uploads\/2026\/03\/Jairo-Giovanni-Campo-Arboleda-1-211x300.jpg 211w, https:\/\/cnctulua.tv\/wp-content\/uploads\/2026\/03\/Jairo-Giovanni-Campo-Arboleda-1-768x1093.jpg 768w, https:\/\/cnctulua.tv\/wp-content\/uploads\/2026\/03\/Jairo-Giovanni-Campo-Arboleda-1.jpg 808w\" sizes=\"auto, (max-width: 719px) 100vw, 719px\" \/><\/figure>\n<\/figure>\n\n\n\n<p>En el barrio Centro de Pradera, un hombre de 51 a\u00f1os, Jairo Giovanni Campo Arboleda, fue encontrado sin vida con m\u00faltiples heridas por arma de fuego. La inspecci\u00f3n t\u00e9cnica se realiz\u00f3 con personal especializado, y los investigadores contin\u00faan con el trabajo para esclarecer las circunstancias del crimen.<\/p>\n\n\n\n<p>En Palmira, barrio Molinos Cien, otro ciudadano, Diego Fernando Dur\u00e1n S\u00e1nchez, de 28 a\u00f1os, fue hallado muerto con heridas producidas por disparos. Las autoridades adelantan las pesquisas correspondientes para determinar los m\u00f3viles y responsables de este hecho.<\/p>\n\n\n\n<p>En Cartago, dos hombres fueron judicializados por su presunta participaci\u00f3n en el homicidio de un ciudadano ocurrido en marzo de 2025 en el barrio Cipr\u00e9s. Seg\u00fan la investigaci\u00f3n, la v\u00edctima fue atacada con arma de fuego mientras realizaba compras. Los imputados no aceptaron los cargos de homicidio agravado y porte de armas de fuego, y deber\u00e1n cumplir medida de aseguramiento en centro carcelario mientras contin\u00faa la investigaci\u00f3n.<\/p>\n\n\n\n<p>Por otra parte, en El Cerrito, una mujer fue privada de la libertad por presuntas agresiones f\u00edsicas y psicol\u00f3gicas contra su hijo de 12 a\u00f1os, ocurridas entre 2024 y 2025. Los hechos habr\u00edan incluido maltratos reiterados y el uso de un arma blanca de manera intimidatoria. La imputada no acept\u00f3 los cargos de tortura agravada y violencia intrafamiliar y deber\u00e1 cumplir medida de aseguramiento en centro carcelario mientras contin\u00faa la investigaci\u00f3n.<\/p>\n\n\n\n<p>Las autoridades judiciales y policiales del Valle del Cauca contin\u00faan trabajando en las investigaciones para esclarecer los homicidios y los casos de agresiones, manteniendo seguimiento a los implicados y garantizando el debido proceso.<\/p>\n","protected":false},"excerpt":{"rendered":"<p>El Valle del Cauca reporta varios hechos recientes que incluyen homicidios con arma de fuego y judicializaciones por agresiones a menores, mientras las autoridades contin\u00faan con las investigaciones para esclarecer los hechos y determinar responsabilidades. En zona rural de Sal\u00f3nica, fue hallado sin vida Gabriel Arc\u00e1ngel Urrego Monsalve, de 62 a\u00f1os, quien presentaba una herida [&hellip;]<\/p>\n","protected":false},"author":3,"featured_media":44495,"comment_status":"open","ping_status":"open","sticky":false,"template":"","format":"video","meta":{"footnotes":""},"categories":[10,1515],"tags":[],"class_list":["post-44490","post","type-post","status-publish","format-video","has-post-thumbnail","hentry","category-cnc-noticias-tulua","category-cnc-tulua","post_format-post-format-video"],"_links":{"self":[{"href":"https:\/\/cnctulua.tv\/index.php?rest_route=\/wp\/v2\/posts\/44490","targetHints":{"allow":["GET"]}}],"collection":[{"href":"https:\/\/cnctulua.tv\/index.php?rest_route=\/wp\/v2\/posts"}],"about":[{"href":"https:\/\/cnctulua.tv\/index.php?rest_route=\/wp\/v2\/types\/post"}],"author":[{"embeddable":true,"href":"https:\/\/cnctulua.tv\/index.php?rest_route=\/wp\/v2\/users\/3"}],"replies":[{"embeddable":true,"href":"https:\/\/cnctulua.tv\/index.php?rest_route=%2Fwp%2Fv2%2Fcomments&post=44490"}],"version-history":[{"count":1,"href":"https:\/\/cnctulua.tv\/index.php?rest_route=\/wp\/v2\/posts\/44490\/revisions"}],"predecessor-version":[{"id":44499,"href":"https:\/\/cnctulua.tv\/index.php?rest_route=\/wp\/v2\/posts\/44490\/revisions\/44499"}],"wp:featuredmedia":[{"embeddable":true,"href":"https:\/\/cnctulua.tv\/index.php?rest_route=\/wp\/v2\/media\/44495"}],"wp:attachment":[{"href":"https:\/\/cnctulua.tv\/index.php?rest_route=%2Fwp%2Fv2%2Fmedia&parent=44490"}],"wp:term":[{"taxonomy":"category","embeddable":true,"href":"https:\/\/cnctulua.tv\/index.php?rest_route=%2Fwp%2Fv2%2Fcategories&post=44490"},{"taxonomy":"post_tag","embeddable":true,"href":"https:\/\/cnctulua.tv\/index.php?rest_route=%2Fwp%2Fv2%2Ftags&post=44490"}],"curies":[{"name":"wp","href":"https:\/\/api.w.org\/{rel}","templated":true}]}}