{"id":44505,"date":"2026-03-20T18:37:11","date_gmt":"2026-03-20T18:37:11","guid":{"rendered":"https:\/\/cnctulua.tv\/?p=44505"},"modified":"2026-03-20T18:37:11","modified_gmt":"2026-03-20T18:37:11","slug":"andalucia-celebra-142-anos-con-sus-fiestas-municipales","status":"publish","type":"post","link":"https:\/\/cnctulua.tv\/?p=44505","title":{"rendered":"Andaluc\u00eda celebra 142 a\u00f1os con sus Fiestas Municipales."},"content":{"rendered":"\n<p>El municipio de Andaluc\u00eda, Valle del Cauca, conmemora sus 142 a\u00f1os de vida administrativa con la realizaci\u00f3n de la versi\u00f3n n\u00famero 48 de sus tradicionales Fiestas Municipales.<\/p>\n\n\n\n<figure class=\"wp-block-embed is-type-video is-provider-youtube wp-block-embed-youtube wp-embed-aspect-16-9 wp-has-aspect-ratio\"><div class=\"wp-block-embed__wrapper\">\n<iframe loading=\"lazy\" title=\"\ud83c\udf89 \ud83c\udfb6 Andaluc\u00eda celebra 142 a\u00f1os con Fiestas Municipales y agenda cultural este fin de semana.\" width=\"640\" height=\"360\" src=\"https:\/\/www.youtube.com\/embed\/T5pUZYHu1HA?feature=oembed\" frameborder=\"0\" allow=\"accelerometer; autoplay; clipboard-write; encrypted-media; gyroscope; picture-in-picture; web-share\" referrerpolicy=\"strict-origin-when-cross-origin\" allowfullscreen><\/iframe>\n<\/div><\/figure>\n\n\n\n<p>La programaci\u00f3n se desarrollar\u00e1 durante el fin de semana e incluye actividades culturales, musicales y tradicionales para la comunidad y visitantes.<\/p>\n\n\n\n<figure class=\"wp-block-gallery has-nested-images columns-default is-cropped wp-block-gallery-1 is-layout-flex wp-block-gallery-is-layout-flex\">\n<figure class=\"wp-block-image size-large\"><img loading=\"lazy\" decoding=\"async\" width=\"974\" height=\"510\" data-id=\"44507\" src=\"https:\/\/cnctulua.tv\/wp-content\/uploads\/2026\/03\/andalu.png\" alt=\"\" class=\"wp-image-44507\" srcset=\"https:\/\/cnctulua.tv\/wp-content\/uploads\/2026\/03\/andalu.png 974w, https:\/\/cnctulua.tv\/wp-content\/uploads\/2026\/03\/andalu-300x157.png 300w, https:\/\/cnctulua.tv\/wp-content\/uploads\/2026\/03\/andalu-768x402.png 768w\" sizes=\"auto, (max-width: 974px) 100vw, 974px\" \/><\/figure>\n<\/figure>\n\n\n\n<p>Entre los eventos programados se encuentra una cabalgata, para la cual se han establecido rutas y puntos de concentraci\u00f3n en el sector norte del municipio, con acompa\u00f1amiento de autoridades para su desarrollo.<\/p>\n\n\n\n<p>La agenda tambi\u00e9n contempla presentaciones musicales en la plaza principal y un desfile de carnaval en horas de la tarde del s\u00e1bado, con participaci\u00f3n de grupos locales y delegaciones invitadas.<\/p>\n\n\n\n<p>El domingo se realizar\u00e1 el cierre de las festividades con actividades culturales en un ecoparque del municipio.<\/p>\n\n\n\n<p>Las autoridades hicieron un llamado a los asistentes para cumplir las recomendaciones y participar de manera responsable en los eventos.<\/p>\n","protected":false},"excerpt":{"rendered":"<p>El municipio de Andaluc\u00eda, Valle del Cauca, conmemora sus 142 a\u00f1os de vida administrativa con la realizaci\u00f3n de la versi\u00f3n n\u00famero 48 de sus tradicionales Fiestas Municipales. La programaci\u00f3n se desarrollar\u00e1 durante el fin de semana e incluye actividades culturales, musicales y tradicionales para la comunidad y visitantes. Entre los eventos programados se encuentra una [&hellip;]<\/p>\n","protected":false},"author":3,"featured_media":44506,"comment_status":"open","ping_status":"open","sticky":false,"template":"","format":"video","meta":{"footnotes":""},"categories":[10,1515,1],"tags":[],"class_list":["post-44505","post","type-post","status-publish","format-video","has-post-thumbnail","hentry","category-cnc-noticias-tulua","category-cnc-tulua","category-uncategorized","post_format-post-format-video"],"_links":{"self":[{"href":"https:\/\/cnctulua.tv\/index.php?rest_route=\/wp\/v2\/posts\/44505","targetHints":{"allow":["GET"]}}],"collection":[{"href":"https:\/\/cnctulua.tv\/index.php?rest_route=\/wp\/v2\/posts"}],"about":[{"href":"https:\/\/cnctulua.tv\/index.php?rest_route=\/wp\/v2\/types\/post"}],"author":[{"embeddable":true,"href":"https:\/\/cnctulua.tv\/index.php?rest_route=\/wp\/v2\/users\/3"}],"replies":[{"embeddable":true,"href":"https:\/\/cnctulua.tv\/index.php?rest_route=%2Fwp%2Fv2%2Fcomments&post=44505"}],"version-history":[{"count":1,"href":"https:\/\/cnctulua.tv\/index.php?rest_route=\/wp\/v2\/posts\/44505\/revisions"}],"predecessor-version":[{"id":44508,"href":"https:\/\/cnctulua.tv\/index.php?rest_route=\/wp\/v2\/posts\/44505\/revisions\/44508"}],"wp:featuredmedia":[{"embeddable":true,"href":"https:\/\/cnctulua.tv\/index.php?rest_route=\/wp\/v2\/media\/44506"}],"wp:attachment":[{"href":"https:\/\/cnctulua.tv\/index.php?rest_route=%2Fwp%2Fv2%2Fmedia&parent=44505"}],"wp:term":[{"taxonomy":"category","embeddable":true,"href":"https:\/\/cnctulua.tv\/index.php?rest_route=%2Fwp%2Fv2%2Fcategories&post=44505"},{"taxonomy":"post_tag","embeddable":true,"href":"https:\/\/cnctulua.tv\/index.php?rest_route=%2Fwp%2Fv2%2Ftags&post=44505"}],"curies":[{"name":"wp","href":"https:\/\/api.w.org\/{rel}","templated":true}]}}