{"id":45829,"date":"2026-04-27T15:47:23","date_gmt":"2026-04-27T15:47:23","guid":{"rendered":"https:\/\/cnctulua.tv\/?p=45829"},"modified":"2026-04-27T15:47:23","modified_gmt":"2026-04-27T15:47:23","slug":"ministro-de-defensa-anuncia-medidas-de-seguridad-para-cali-y-palmira","status":"publish","type":"post","link":"https:\/\/cnctulua.tv\/?p=45829","title":{"rendered":"Ministro de Defensa anuncia medidas de seguridad para Cali y Palmira."},"content":{"rendered":"\n<p>La gobernadora del Valle del Cauca, Dilian Francisca Toro, asegur\u00f3 que en el departamento \u201cno nos arrodillamos ante los criminales\u201d, tras un consejo extraordinario de seguridad realizado en Palmira, en el que se evaluaron los recientes atentados contra instalaciones militares en Cali y este municipio.<\/p>\n\n\n\n<figure class=\"wp-block-embed is-type-video is-provider-youtube wp-block-embed-youtube wp-embed-aspect-16-9 wp-has-aspect-ratio\"><div class=\"wp-block-embed__wrapper\">\nhttps:\/\/youtu.be\/MSEvQ04Y7hQ\n<\/div><\/figure>\n\n\n\n<p>En la reuni\u00f3n participaron autoridades regionales, alcaldes, altos mandos militares y de Polic\u00eda, junto al ministro de Defensa, Pedro S\u00e1nchez.<\/p>\n\n\n\n<p>Se definieron acciones como el fortalecimiento de corredores seguros, la implementaci\u00f3n de burbujas de inteligencia, el refuerzo del pie de fuerza y la expansi\u00f3n del bloque antiterrorista de Cali hacia Palmira.<\/p>\n\n\n\n<p>El ministro de Defensa anunci\u00f3 una ofensiva contra la miner\u00eda ilegal, la llegada de nuevos pelotones del Ej\u00e9rcito y el fortalecimiento de capacidades tecnol\u00f3gicas y a\u00e9reas para apoyar las operaciones.<\/p>\n","protected":false},"excerpt":{"rendered":"<p>La gobernadora del Valle del Cauca, Dilian Francisca Toro, asegur\u00f3 que en el departamento \u201cno nos arrodillamos ante los criminales\u201d, tras un consejo extraordinario de seguridad realizado en Palmira, en el que se evaluaron los recientes atentados contra instalaciones militares en Cali y este municipio. En la reuni\u00f3n participaron autoridades regionales, alcaldes, altos mandos militares [&hellip;]<\/p>\n","protected":false},"author":3,"featured_media":45836,"comment_status":"open","ping_status":"open","sticky":false,"template":"","format":"video","meta":{"footnotes":""},"categories":[10,1515],"tags":[],"class_list":["post-45829","post","type-post","status-publish","format-video","has-post-thumbnail","hentry","category-cnc-noticias-tulua","category-cnc-tulua","post_format-post-format-video"],"_links":{"self":[{"href":"https:\/\/cnctulua.tv\/index.php?rest_route=\/wp\/v2\/posts\/45829","targetHints":{"allow":["GET"]}}],"collection":[{"href":"https:\/\/cnctulua.tv\/index.php?rest_route=\/wp\/v2\/posts"}],"about":[{"href":"https:\/\/cnctulua.tv\/index.php?rest_route=\/wp\/v2\/types\/post"}],"author":[{"embeddable":true,"href":"https:\/\/cnctulua.tv\/index.php?rest_route=\/wp\/v2\/users\/3"}],"replies":[{"embeddable":true,"href":"https:\/\/cnctulua.tv\/index.php?rest_route=%2Fwp%2Fv2%2Fcomments&post=45829"}],"version-history":[{"count":1,"href":"https:\/\/cnctulua.tv\/index.php?rest_route=\/wp\/v2\/posts\/45829\/revisions"}],"predecessor-version":[{"id":45840,"href":"https:\/\/cnctulua.tv\/index.php?rest_route=\/wp\/v2\/posts\/45829\/revisions\/45840"}],"wp:featuredmedia":[{"embeddable":true,"href":"https:\/\/cnctulua.tv\/index.php?rest_route=\/wp\/v2\/media\/45836"}],"wp:attachment":[{"href":"https:\/\/cnctulua.tv\/index.php?rest_route=%2Fwp%2Fv2%2Fmedia&parent=45829"}],"wp:term":[{"taxonomy":"category","embeddable":true,"href":"https:\/\/cnctulua.tv\/index.php?rest_route=%2Fwp%2Fv2%2Fcategories&post=45829"},{"taxonomy":"post_tag","embeddable":true,"href":"https:\/\/cnctulua.tv\/index.php?rest_route=%2Fwp%2Fv2%2Ftags&post=45829"}],"curies":[{"name":"wp","href":"https:\/\/api.w.org\/{rel}","templated":true}]}}