{"id":45838,"date":"2026-04-27T17:47:15","date_gmt":"2026-04-27T17:47:15","guid":{"rendered":"https:\/\/cnctulua.tv\/?p=45838"},"modified":"2026-04-27T17:47:15","modified_gmt":"2026-04-27T17:47:15","slug":"valle-del-cauca-avanza-erradican-malaria-en-pradera-y-refuerzan-prevencion","status":"publish","type":"post","link":"https:\/\/cnctulua.tv\/?p=45838","title":{"rendered":"Valle del Cauca avanza: erradican malaria en Pradera y refuerzan prevenci\u00f3n."},"content":{"rendered":"\n<p>El Valle del Cauca report\u00f3 avances significativos en la lucha contra la malaria, destacando la erradicaci\u00f3n de la enfermedad en el municipio de Pradera en un periodo de seis meses.<\/p>\n\n\n\n<figure class=\"wp-block-embed is-type-video is-provider-youtube wp-block-embed-youtube wp-embed-aspect-16-9 wp-has-aspect-ratio\"><div class=\"wp-block-embed__wrapper\">\n<iframe loading=\"lazy\" title=\"\ud83e\udd9f Valle del Cauca avanza contra la malaria con erradicaci\u00f3n en Pradera y prevenci\u00f3n activa.\" width=\"640\" height=\"360\" src=\"https:\/\/www.youtube.com\/embed\/81CrRRt6HVg?feature=oembed\" frameborder=\"0\" allow=\"accelerometer; autoplay; clipboard-write; encrypted-media; gyroscope; picture-in-picture; web-share\" referrerpolicy=\"strict-origin-when-cross-origin\" allowfullscreen><\/iframe>\n<\/div><\/figure>\n\n\n\n<p>En el marco del D\u00eda Mundial contra la Malaria, la Gobernaci\u00f3n inform\u00f3 que este modelo ya se est\u00e1 implementando en municipios como Florida, donde se completan siete semanas sin casos.<\/p>\n\n\n\n<p>La secretaria de Salud, Mar\u00eda Cristina Lesmes, explic\u00f3 que el departamento mantiene vigilancia epidemiol\u00f3gica debido a la presencia del mosquito transmisor en zonas con aguas estancadas y al riesgo de casos importados desde Buenaventura.<\/p>\n\n\n\n<p>Las autoridades reiteraron el llamado a la comunidad a identificar s\u00edntomas como fiebre, dolor de cabeza y cansancio extremo, y acudir oportunamente a los servicios m\u00e9dicos.<\/p>\n\n\n\n<p>Entre las estrategias se destacan las pruebas r\u00e1pidas, la entrega de toldillos y la educaci\u00f3n comunitaria para eliminar criaderos del mosquito.<\/p>\n","protected":false},"excerpt":{"rendered":"<p>El Valle del Cauca report\u00f3 avances significativos en la lucha contra la malaria, destacando la erradicaci\u00f3n de la enfermedad en el municipio de Pradera en un periodo de seis meses. En el marco del D\u00eda Mundial contra la Malaria, la Gobernaci\u00f3n inform\u00f3 que este modelo ya se est\u00e1 implementando en municipios como Florida, donde se [&hellip;]<\/p>\n","protected":false},"author":3,"featured_media":45860,"comment_status":"open","ping_status":"open","sticky":false,"template":"","format":"video","meta":{"footnotes":""},"categories":[10,1515],"tags":[],"class_list":["post-45838","post","type-post","status-publish","format-video","has-post-thumbnail","hentry","category-cnc-noticias-tulua","category-cnc-tulua","post_format-post-format-video"],"_links":{"self":[{"href":"https:\/\/cnctulua.tv\/index.php?rest_route=\/wp\/v2\/posts\/45838","targetHints":{"allow":["GET"]}}],"collection":[{"href":"https:\/\/cnctulua.tv\/index.php?rest_route=\/wp\/v2\/posts"}],"about":[{"href":"https:\/\/cnctulua.tv\/index.php?rest_route=\/wp\/v2\/types\/post"}],"author":[{"embeddable":true,"href":"https:\/\/cnctulua.tv\/index.php?rest_route=\/wp\/v2\/users\/3"}],"replies":[{"embeddable":true,"href":"https:\/\/cnctulua.tv\/index.php?rest_route=%2Fwp%2Fv2%2Fcomments&post=45838"}],"version-history":[{"count":1,"href":"https:\/\/cnctulua.tv\/index.php?rest_route=\/wp\/v2\/posts\/45838\/revisions"}],"predecessor-version":[{"id":45861,"href":"https:\/\/cnctulua.tv\/index.php?rest_route=\/wp\/v2\/posts\/45838\/revisions\/45861"}],"wp:featuredmedia":[{"embeddable":true,"href":"https:\/\/cnctulua.tv\/index.php?rest_route=\/wp\/v2\/media\/45860"}],"wp:attachment":[{"href":"https:\/\/cnctulua.tv\/index.php?rest_route=%2Fwp%2Fv2%2Fmedia&parent=45838"}],"wp:term":[{"taxonomy":"category","embeddable":true,"href":"https:\/\/cnctulua.tv\/index.php?rest_route=%2Fwp%2Fv2%2Fcategories&post=45838"},{"taxonomy":"post_tag","embeddable":true,"href":"https:\/\/cnctulua.tv\/index.php?rest_route=%2Fwp%2Fv2%2Ftags&post=45838"}],"curies":[{"name":"wp","href":"https:\/\/api.w.org\/{rel}","templated":true}]}}