{"id":45851,"date":"2026-04-27T17:28:54","date_gmt":"2026-04-27T17:28:54","guid":{"rendered":"https:\/\/cnctulua.tv\/?p=45851"},"modified":"2026-04-27T17:28:54","modified_gmt":"2026-04-27T17:28:54","slug":"alcalde-de-cali-refuerza-llamado-a-combatir-economias-ilegales-en-el-valle","status":"publish","type":"post","link":"https:\/\/cnctulua.tv\/?p=45851","title":{"rendered":"Alcalde de Cali refuerza llamado a combatir econom\u00edas ilegales en el Valle."},"content":{"rendered":"\n<p>El alcalde de Cali, Alejandro Eder, agradeci\u00f3 la visita del ministro de Defensa, quien atendi\u00f3 las solicitudes orientadas a fortalecer la seguridad en la ciudad y el Valle del Cauca.<\/p>\n\n\n\n<figure class=\"wp-block-embed is-type-video is-provider-youtube wp-block-embed-youtube wp-embed-aspect-16-9 wp-has-aspect-ratio\"><div class=\"wp-block-embed__wrapper\">\n<iframe loading=\"lazy\" title=\"\ud83d\udcaa Alcalde de Cali refuerza lucha contra econom\u00edas ilegales y advierte mano firme.\" width=\"640\" height=\"360\" src=\"https:\/\/www.youtube.com\/embed\/XGBgBChazzI?feature=oembed\" frameborder=\"0\" allow=\"accelerometer; autoplay; clipboard-write; encrypted-media; gyroscope; picture-in-picture; web-share\" referrerpolicy=\"strict-origin-when-cross-origin\" allowfullscreen><\/iframe>\n<\/div><\/figure>\n\n\n\n<p>El mandatario destac\u00f3 el trabajo conjunto con la fuerza p\u00fablica y reiter\u00f3 que su administraci\u00f3n no ceder\u00e1 ante la delincuencia. Adem\u00e1s, subray\u00f3 la importancia de erradicar las econom\u00edas ilegales mediante acciones como la sustituci\u00f3n de cultivos il\u00edcitos, el control de la miner\u00eda ilegal y la intervenci\u00f3n en zonas afectadas por invasiones de predios, como ocurre en sectores de Jamund\u00ed.<\/p>\n\n\n\n<p>Eder tambi\u00e9n hizo un llamado a fortalecer la articulaci\u00f3n institucional para lograr la captura de quienes afectan la seguridad de los vallecaucanos.<\/p>\n","protected":false},"excerpt":{"rendered":"<p>El alcalde de Cali, Alejandro Eder, agradeci\u00f3 la visita del ministro de Defensa, quien atendi\u00f3 las solicitudes orientadas a fortalecer la seguridad en la ciudad y el Valle del Cauca. El mandatario destac\u00f3 el trabajo conjunto con la fuerza p\u00fablica y reiter\u00f3 que su administraci\u00f3n no ceder\u00e1 ante la delincuencia. Adem\u00e1s, subray\u00f3 la importancia de [&hellip;]<\/p>\n","protected":false},"author":3,"featured_media":45854,"comment_status":"open","ping_status":"open","sticky":false,"template":"","format":"video","meta":{"footnotes":""},"categories":[10,1515],"tags":[],"class_list":["post-45851","post","type-post","status-publish","format-video","has-post-thumbnail","hentry","category-cnc-noticias-tulua","category-cnc-tulua","post_format-post-format-video"],"_links":{"self":[{"href":"https:\/\/cnctulua.tv\/index.php?rest_route=\/wp\/v2\/posts\/45851","targetHints":{"allow":["GET"]}}],"collection":[{"href":"https:\/\/cnctulua.tv\/index.php?rest_route=\/wp\/v2\/posts"}],"about":[{"href":"https:\/\/cnctulua.tv\/index.php?rest_route=\/wp\/v2\/types\/post"}],"author":[{"embeddable":true,"href":"https:\/\/cnctulua.tv\/index.php?rest_route=\/wp\/v2\/users\/3"}],"replies":[{"embeddable":true,"href":"https:\/\/cnctulua.tv\/index.php?rest_route=%2Fwp%2Fv2%2Fcomments&post=45851"}],"version-history":[{"count":1,"href":"https:\/\/cnctulua.tv\/index.php?rest_route=\/wp\/v2\/posts\/45851\/revisions"}],"predecessor-version":[{"id":45855,"href":"https:\/\/cnctulua.tv\/index.php?rest_route=\/wp\/v2\/posts\/45851\/revisions\/45855"}],"wp:featuredmedia":[{"embeddable":true,"href":"https:\/\/cnctulua.tv\/index.php?rest_route=\/wp\/v2\/media\/45854"}],"wp:attachment":[{"href":"https:\/\/cnctulua.tv\/index.php?rest_route=%2Fwp%2Fv2%2Fmedia&parent=45851"}],"wp:term":[{"taxonomy":"category","embeddable":true,"href":"https:\/\/cnctulua.tv\/index.php?rest_route=%2Fwp%2Fv2%2Fcategories&post=45851"},{"taxonomy":"post_tag","embeddable":true,"href":"https:\/\/cnctulua.tv\/index.php?rest_route=%2Fwp%2Fv2%2Ftags&post=45851"}],"curies":[{"name":"wp","href":"https:\/\/api.w.org\/{rel}","templated":true}]}}