{"id":45867,"date":"2026-04-27T18:54:58","date_gmt":"2026-04-27T18:54:58","guid":{"rendered":"https:\/\/cnctulua.tv\/?p=45867"},"modified":"2026-04-27T18:54:58","modified_gmt":"2026-04-27T18:54:58","slug":"valle-vende-abre-convocatoria-con-300-cupos-para-impulsar-el-comercio-digital-en-el-departamento","status":"publish","type":"post","link":"https:\/\/cnctulua.tv\/?p=45867","title":{"rendered":"\u00abValle Vende\u00bb abre convocatoria con 300 cupos para impulsar el comercio digital en el departamento."},"content":{"rendered":"\n<p>La Gobernaci\u00f3n del Valle del Cauca abri\u00f3 las inscripciones para participar en \u201cValle Vende\u201d, el Centro Comercial Virtual dirigido a emprendedores y mipymes del departamento.<\/p>\n\n\n\n<figure class=\"wp-block-embed is-type-video is-provider-youtube wp-block-embed-youtube wp-embed-aspect-16-9 wp-has-aspect-ratio\"><div class=\"wp-block-embed__wrapper\">\n<iframe loading=\"lazy\" title=\"\ud83d\udecd\ufe0f Abren inscripciones para Valle Vende y fortalecen comercio digital en el departamento\" width=\"640\" height=\"360\" src=\"https:\/\/www.youtube.com\/embed\/NKpUYv76eMs?feature=oembed\" frameborder=\"0\" allow=\"accelerometer; autoplay; clipboard-write; encrypted-media; gyroscope; picture-in-picture; web-share\" referrerpolicy=\"strict-origin-when-cross-origin\" allowfullscreen><\/iframe>\n<\/div><\/figure>\n\n\n\n<p>La convocatoria estar\u00e1 disponible hasta el 8 de mayo y busca impulsar el comercio electr\u00f3nico, permitiendo a los participantes crear tiendas virtuales para comercializar sus productos en mercados nacionales e internacionales.<\/p>\n\n\n\n<p>La gobernadora Dilian Francisca Toro destac\u00f3 que el programa busca reducir la brecha digital y fortalecer las capacidades de los emprendedores. Inicialmente se habilitar\u00e1n 300 cupos, con proyecci\u00f3n de superar los mil beneficiarios.<\/p>\n\n\n\n<p>El secretario de Desarrollo Econ\u00f3mico, Jerson Valencia, se\u00f1al\u00f3 que los aspirantes deber\u00e1n contar con una unidad productiva y participar en procesos de capacitaci\u00f3n en comercio electr\u00f3nico.<\/p>\n","protected":false},"excerpt":{"rendered":"<p>La Gobernaci\u00f3n del Valle del Cauca abri\u00f3 las inscripciones para participar en \u201cValle Vende\u201d, el Centro Comercial Virtual dirigido a emprendedores y mipymes del departamento. La convocatoria estar\u00e1 disponible hasta el 8 de mayo y busca impulsar el comercio electr\u00f3nico, permitiendo a los participantes crear tiendas virtuales para comercializar sus productos en mercados nacionales e [&hellip;]<\/p>\n","protected":false},"author":3,"featured_media":45883,"comment_status":"open","ping_status":"open","sticky":false,"template":"","format":"video","meta":{"footnotes":""},"categories":[10,1515],"tags":[],"class_list":["post-45867","post","type-post","status-publish","format-video","has-post-thumbnail","hentry","category-cnc-noticias-tulua","category-cnc-tulua","post_format-post-format-video"],"_links":{"self":[{"href":"https:\/\/cnctulua.tv\/index.php?rest_route=\/wp\/v2\/posts\/45867","targetHints":{"allow":["GET"]}}],"collection":[{"href":"https:\/\/cnctulua.tv\/index.php?rest_route=\/wp\/v2\/posts"}],"about":[{"href":"https:\/\/cnctulua.tv\/index.php?rest_route=\/wp\/v2\/types\/post"}],"author":[{"embeddable":true,"href":"https:\/\/cnctulua.tv\/index.php?rest_route=\/wp\/v2\/users\/3"}],"replies":[{"embeddable":true,"href":"https:\/\/cnctulua.tv\/index.php?rest_route=%2Fwp%2Fv2%2Fcomments&post=45867"}],"version-history":[{"count":1,"href":"https:\/\/cnctulua.tv\/index.php?rest_route=\/wp\/v2\/posts\/45867\/revisions"}],"predecessor-version":[{"id":45888,"href":"https:\/\/cnctulua.tv\/index.php?rest_route=\/wp\/v2\/posts\/45867\/revisions\/45888"}],"wp:featuredmedia":[{"embeddable":true,"href":"https:\/\/cnctulua.tv\/index.php?rest_route=\/wp\/v2\/media\/45883"}],"wp:attachment":[{"href":"https:\/\/cnctulua.tv\/index.php?rest_route=%2Fwp%2Fv2%2Fmedia&parent=45867"}],"wp:term":[{"taxonomy":"category","embeddable":true,"href":"https:\/\/cnctulua.tv\/index.php?rest_route=%2Fwp%2Fv2%2Fcategories&post=45867"},{"taxonomy":"post_tag","embeddable":true,"href":"https:\/\/cnctulua.tv\/index.php?rest_route=%2Fwp%2Fv2%2Ftags&post=45867"}],"curies":[{"name":"wp","href":"https:\/\/api.w.org\/{rel}","templated":true}]}}