{"id":45874,"date":"2026-04-27T18:57:34","date_gmt":"2026-04-27T18:57:34","guid":{"rendered":"https:\/\/cnctulua.tv\/?p=45874"},"modified":"2026-04-27T18:57:34","modified_gmt":"2026-04-27T18:57:34","slug":"literatura-transforma-al-valle-del-cauca-mas-de-75-mil-beneficiados","status":"publish","type":"post","link":"https:\/\/cnctulua.tv\/?p=45874","title":{"rendered":"Literatura transforma al Valle del Cauca, m\u00e1s de 75 mil beneficiados."},"content":{"rendered":"\n<p>La Gobernaci\u00f3n del Valle del Cauca destac\u00f3 en la Feria Internacional del Libro de Bogot\u00e1 el impacto de las pol\u00edticas de literatura, lectura y oralidad en el departamento.<\/p>\n\n\n\n<figure class=\"wp-block-embed is-type-video is-provider-youtube wp-block-embed-youtube wp-embed-aspect-16-9 wp-has-aspect-ratio\"><div class=\"wp-block-embed__wrapper\">\n<iframe loading=\"lazy\" title=\"LITERATURA DEL VALLE DEL CAUCA\" width=\"640\" height=\"360\" src=\"https:\/\/www.youtube.com\/embed\/AYBIsT7pamE?feature=oembed\" frameborder=\"0\" allow=\"accelerometer; autoplay; clipboard-write; encrypted-media; gyroscope; picture-in-picture; web-share\" referrerpolicy=\"strict-origin-when-cross-origin\" allowfullscreen><\/iframe>\n<\/div><\/figure>\n\n\n\n<p>La gobernadora Dilian Francisca Toro explic\u00f3 que desde la implementaci\u00f3n de la pol\u00edtica p\u00fablica se han fortalecido programas que integran a ni\u00f1os, j\u00f3venes y adultos en procesos culturales sostenidos.<\/p>\n\n\n\n<p>Actualmente, cerca de 15 mil ni\u00f1os participan en estrategias de lectura, junto a clubes dirigidos a poblaci\u00f3n adulta en distintos municipios del Valle.<\/p>\n\n\n\n<p>Asimismo, se resaltan espacios como el Festival \u201cOiga, Mire, Lea\u201d y el Fondo Editorial del Valle del Cauca, orientados a promover la escritura y visibilizar el talento local.<\/p>\n\n\n\n<p>De acuerdo con la administraci\u00f3n departamental, estas iniciativas han beneficiado a cerca de 75 mil vallecaucanos, consolidando la cultura como herramienta de transformaci\u00f3n social.<\/p>\n","protected":false},"excerpt":{"rendered":"<p>La Gobernaci\u00f3n del Valle del Cauca destac\u00f3 en la Feria Internacional del Libro de Bogot\u00e1 el impacto de las pol\u00edticas de literatura, lectura y oralidad en el departamento. La gobernadora Dilian Francisca Toro explic\u00f3 que desde la implementaci\u00f3n de la pol\u00edtica p\u00fablica se han fortalecido programas que integran a ni\u00f1os, j\u00f3venes y adultos en procesos [&hellip;]<\/p>\n","protected":false},"author":3,"featured_media":45884,"comment_status":"open","ping_status":"open","sticky":false,"template":"","format":"video","meta":{"footnotes":""},"categories":[10,1515],"tags":[],"class_list":["post-45874","post","type-post","status-publish","format-video","has-post-thumbnail","hentry","category-cnc-noticias-tulua","category-cnc-tulua","post_format-post-format-video"],"_links":{"self":[{"href":"https:\/\/cnctulua.tv\/index.php?rest_route=\/wp\/v2\/posts\/45874","targetHints":{"allow":["GET"]}}],"collection":[{"href":"https:\/\/cnctulua.tv\/index.php?rest_route=\/wp\/v2\/posts"}],"about":[{"href":"https:\/\/cnctulua.tv\/index.php?rest_route=\/wp\/v2\/types\/post"}],"author":[{"embeddable":true,"href":"https:\/\/cnctulua.tv\/index.php?rest_route=\/wp\/v2\/users\/3"}],"replies":[{"embeddable":true,"href":"https:\/\/cnctulua.tv\/index.php?rest_route=%2Fwp%2Fv2%2Fcomments&post=45874"}],"version-history":[{"count":1,"href":"https:\/\/cnctulua.tv\/index.php?rest_route=\/wp\/v2\/posts\/45874\/revisions"}],"predecessor-version":[{"id":45891,"href":"https:\/\/cnctulua.tv\/index.php?rest_route=\/wp\/v2\/posts\/45874\/revisions\/45891"}],"wp:featuredmedia":[{"embeddable":true,"href":"https:\/\/cnctulua.tv\/index.php?rest_route=\/wp\/v2\/media\/45884"}],"wp:attachment":[{"href":"https:\/\/cnctulua.tv\/index.php?rest_route=%2Fwp%2Fv2%2Fmedia&parent=45874"}],"wp:term":[{"taxonomy":"category","embeddable":true,"href":"https:\/\/cnctulua.tv\/index.php?rest_route=%2Fwp%2Fv2%2Fcategories&post=45874"},{"taxonomy":"post_tag","embeddable":true,"href":"https:\/\/cnctulua.tv\/index.php?rest_route=%2Fwp%2Fv2%2Ftags&post=45874"}],"curies":[{"name":"wp","href":"https:\/\/api.w.org\/{rel}","templated":true}]}}