{"id":45921,"date":"2026-04-28T18:07:49","date_gmt":"2026-04-28T18:07:49","guid":{"rendered":"https:\/\/cnctulua.tv\/?p=45921"},"modified":"2026-04-28T18:07:49","modified_gmt":"2026-04-28T18:07:49","slug":"refuerzan-seguridad-en-el-valle-del-cauca-tras-hechos-de-violencia-en-dagua","status":"publish","type":"post","link":"https:\/\/cnctulua.tv\/?p=45921","title":{"rendered":"Refuerzan seguridad en el Valle del Cauca tras hechos de violencia en Dagua."},"content":{"rendered":"\n<p>Las autoridades del Valle del Cauca anunciaron el fortalecimiento de la seguridad en el departamento, tras los recientes hechos de violencia, entre ellos la quema de un veh\u00edculo en el sector de Limonar, jurisdicci\u00f3n del municipio de Dagua, sobre la v\u00eda hacia Buenaventura.<\/p>\n\n\n\n<figure class=\"wp-block-embed is-type-video is-provider-youtube wp-block-embed-youtube wp-embed-aspect-16-9 wp-has-aspect-ratio\"><div class=\"wp-block-embed__wrapper\">\n<iframe loading=\"lazy\" title=\"\ud83d\udea7 Refuerzan seguridad en Valle tras violencia en Dagua.\" width=\"640\" height=\"360\" src=\"https:\/\/www.youtube.com\/embed\/QjBZqV9wOlc?feature=oembed\" frameborder=\"0\" allow=\"accelerometer; autoplay; clipboard-write; encrypted-media; gyroscope; picture-in-picture; web-share\" referrerpolicy=\"strict-origin-when-cross-origin\" allowfullscreen><\/iframe>\n<\/div><\/figure>\n\n\n\n<p>La Polic\u00eda Nacional, en coordinaci\u00f3n con las Fuerzas Militares y autoridades regionales, rechaz\u00f3 de manera categ\u00f3rica estos actos que afectan la tranquilidad y la vida de los ciudadanos.<\/p>\n\n\n\n<figure class=\"wp-block-gallery has-nested-images columns-default is-cropped wp-block-gallery-1 is-layout-flex wp-block-gallery-is-layout-flex\">\n<figure class=\"wp-block-image size-large\"><img loading=\"lazy\" decoding=\"async\" width=\"1024\" height=\"768\" data-id=\"45923\" src=\"https:\/\/cnctulua.tv\/wp-content\/uploads\/2026\/04\/FOTO-RECHAZO-INCINERACION-VEHICULOS-VIAS-VALLE-3-1024x768.jpeg\" alt=\"\" class=\"wp-image-45923\" srcset=\"https:\/\/cnctulua.tv\/wp-content\/uploads\/2026\/04\/FOTO-RECHAZO-INCINERACION-VEHICULOS-VIAS-VALLE-3-1024x768.jpeg 1024w, https:\/\/cnctulua.tv\/wp-content\/uploads\/2026\/04\/FOTO-RECHAZO-INCINERACION-VEHICULOS-VIAS-VALLE-3-300x225.jpeg 300w, https:\/\/cnctulua.tv\/wp-content\/uploads\/2026\/04\/FOTO-RECHAZO-INCINERACION-VEHICULOS-VIAS-VALLE-3-768x576.jpeg 768w, https:\/\/cnctulua.tv\/wp-content\/uploads\/2026\/04\/FOTO-RECHAZO-INCINERACION-VEHICULOS-VIAS-VALLE-3.jpeg 1280w\" sizes=\"auto, (max-width: 1024px) 100vw, 1024px\" \/><\/figure>\n<\/figure>\n\n\n\n<p>Como respuesta, se despleg\u00f3 un dispositivo de m\u00e1s de 150 uniformados en zonas priorizadas, con el objetivo de prevenir nuevos hechos y capturar a los responsables. Las autoridades reiteraron su compromiso con la seguridad e hicieron un llamado a la ciudadan\u00eda para denunciar cualquier actividad sospechosa.<\/p>\n","protected":false},"excerpt":{"rendered":"<p>Las autoridades del Valle del Cauca anunciaron el fortalecimiento de la seguridad en el departamento, tras los recientes hechos de violencia, entre ellos la quema de un veh\u00edculo en el sector de Limonar, jurisdicci\u00f3n del municipio de Dagua, sobre la v\u00eda hacia Buenaventura. La Polic\u00eda Nacional, en coordinaci\u00f3n con las Fuerzas Militares y autoridades regionales, [&hellip;]<\/p>\n","protected":false},"author":3,"featured_media":45922,"comment_status":"open","ping_status":"open","sticky":false,"template":"","format":"video","meta":{"footnotes":""},"categories":[10,1515],"tags":[],"class_list":["post-45921","post","type-post","status-publish","format-video","has-post-thumbnail","hentry","category-cnc-noticias-tulua","category-cnc-tulua","post_format-post-format-video"],"_links":{"self":[{"href":"https:\/\/cnctulua.tv\/index.php?rest_route=\/wp\/v2\/posts\/45921","targetHints":{"allow":["GET"]}}],"collection":[{"href":"https:\/\/cnctulua.tv\/index.php?rest_route=\/wp\/v2\/posts"}],"about":[{"href":"https:\/\/cnctulua.tv\/index.php?rest_route=\/wp\/v2\/types\/post"}],"author":[{"embeddable":true,"href":"https:\/\/cnctulua.tv\/index.php?rest_route=\/wp\/v2\/users\/3"}],"replies":[{"embeddable":true,"href":"https:\/\/cnctulua.tv\/index.php?rest_route=%2Fwp%2Fv2%2Fcomments&post=45921"}],"version-history":[{"count":1,"href":"https:\/\/cnctulua.tv\/index.php?rest_route=\/wp\/v2\/posts\/45921\/revisions"}],"predecessor-version":[{"id":45928,"href":"https:\/\/cnctulua.tv\/index.php?rest_route=\/wp\/v2\/posts\/45921\/revisions\/45928"}],"wp:featuredmedia":[{"embeddable":true,"href":"https:\/\/cnctulua.tv\/index.php?rest_route=\/wp\/v2\/media\/45922"}],"wp:attachment":[{"href":"https:\/\/cnctulua.tv\/index.php?rest_route=%2Fwp%2Fv2%2Fmedia&parent=45921"}],"wp:term":[{"taxonomy":"category","embeddable":true,"href":"https:\/\/cnctulua.tv\/index.php?rest_route=%2Fwp%2Fv2%2Fcategories&post=45921"},{"taxonomy":"post_tag","embeddable":true,"href":"https:\/\/cnctulua.tv\/index.php?rest_route=%2Fwp%2Fv2%2Ftags&post=45921"}],"curies":[{"name":"wp","href":"https:\/\/api.w.org\/{rel}","templated":true}]}}