{"id":45938,"date":"2026-04-28T19:02:31","date_gmt":"2026-04-28T19:02:31","guid":{"rendered":"https:\/\/cnctulua.tv\/?p=45938"},"modified":"2026-04-28T19:02:31","modified_gmt":"2026-04-28T19:02:31","slug":"cali-sera-sede-oficial-de-agroexpo-cada-dos-anos","status":"publish","type":"post","link":"https:\/\/cnctulua.tv\/?p=45938","title":{"rendered":"Cali ser\u00e1 sede oficial de Agroexpo cada dos a\u00f1os"},"content":{"rendered":"\n<p>En un hecho hist\u00f3rico, Cali fue confirmada como sede permanente de Agroexpo cada dos a\u00f1os, seg\u00fan anunci\u00f3 el alcalde Alejandro Eder en articulaci\u00f3n con Corferias.<\/p>\n\n\n\n<figure class=\"wp-block-embed is-type-video is-provider-youtube wp-block-embed-youtube wp-embed-aspect-16-9 wp-has-aspect-ratio\"><div class=\"wp-block-embed__wrapper\">\n<iframe loading=\"lazy\" title=\"\ud83c\udfdf\ufe0f La capital del Valle Cali ser\u00e1 sede de Agroexpo y dinamizar\u00e1 la econom\u00eda.\" width=\"640\" height=\"360\" src=\"https:\/\/www.youtube.com\/embed\/hnX5ho-cgxw?feature=oembed\" frameborder=\"0\" allow=\"accelerometer; autoplay; clipboard-write; encrypted-media; gyroscope; picture-in-picture; web-share\" referrerpolicy=\"strict-origin-when-cross-origin\" allowfullscreen><\/iframe>\n<\/div><\/figure>\n\n\n\n<p>La feria se realizar\u00e1 en la ciudad en los a\u00f1os pares, mientras que Bogot\u00e1 continuar\u00e1 como sede en los a\u00f1os impares. La primera edici\u00f3n bajo este acuerdo se llevar\u00e1 a cabo del 2 al 6 de septiembre de 2026 en el Coliseo El Pueblo.<\/p>\n\n\n\n<p>Se espera la asistencia de m\u00e1s de 20.000 personas y un impacto econ\u00f3mico cercano a los 24.000 millones de pesos, fortaleciendo sectores como turismo, comercio, log\u00edstica y agroindustria.<\/p>\n\n\n\n<p>Esta apuesta busca posicionar a Cali como epicentro agroindustrial, conectar el campo con la ciudad y dinamizar la econom\u00eda regional, integrando territorios como Valle, Cauca, Nari\u00f1o, Choc\u00f3 y el Eje Cafetero.<\/p>\n","protected":false},"excerpt":{"rendered":"<p>En un hecho hist\u00f3rico, Cali fue confirmada como sede permanente de Agroexpo cada dos a\u00f1os, seg\u00fan anunci\u00f3 el alcalde Alejandro Eder en articulaci\u00f3n con Corferias. La feria se realizar\u00e1 en la ciudad en los a\u00f1os pares, mientras que Bogot\u00e1 continuar\u00e1 como sede en los a\u00f1os impares. La primera edici\u00f3n bajo este acuerdo se llevar\u00e1 a [&hellip;]<\/p>\n","protected":false},"author":3,"featured_media":45942,"comment_status":"open","ping_status":"open","sticky":false,"template":"","format":"video","meta":{"footnotes":""},"categories":[10,1515,1],"tags":[],"class_list":["post-45938","post","type-post","status-publish","format-video","has-post-thumbnail","hentry","category-cnc-noticias-tulua","category-cnc-tulua","category-uncategorized","post_format-post-format-video"],"_links":{"self":[{"href":"https:\/\/cnctulua.tv\/index.php?rest_route=\/wp\/v2\/posts\/45938","targetHints":{"allow":["GET"]}}],"collection":[{"href":"https:\/\/cnctulua.tv\/index.php?rest_route=\/wp\/v2\/posts"}],"about":[{"href":"https:\/\/cnctulua.tv\/index.php?rest_route=\/wp\/v2\/types\/post"}],"author":[{"embeddable":true,"href":"https:\/\/cnctulua.tv\/index.php?rest_route=\/wp\/v2\/users\/3"}],"replies":[{"embeddable":true,"href":"https:\/\/cnctulua.tv\/index.php?rest_route=%2Fwp%2Fv2%2Fcomments&post=45938"}],"version-history":[{"count":1,"href":"https:\/\/cnctulua.tv\/index.php?rest_route=\/wp\/v2\/posts\/45938\/revisions"}],"predecessor-version":[{"id":45947,"href":"https:\/\/cnctulua.tv\/index.php?rest_route=\/wp\/v2\/posts\/45938\/revisions\/45947"}],"wp:featuredmedia":[{"embeddable":true,"href":"https:\/\/cnctulua.tv\/index.php?rest_route=\/wp\/v2\/media\/45942"}],"wp:attachment":[{"href":"https:\/\/cnctulua.tv\/index.php?rest_route=%2Fwp%2Fv2%2Fmedia&parent=45938"}],"wp:term":[{"taxonomy":"category","embeddable":true,"href":"https:\/\/cnctulua.tv\/index.php?rest_route=%2Fwp%2Fv2%2Fcategories&post=45938"},{"taxonomy":"post_tag","embeddable":true,"href":"https:\/\/cnctulua.tv\/index.php?rest_route=%2Fwp%2Fv2%2Ftags&post=45938"}],"curies":[{"name":"wp","href":"https:\/\/api.w.org\/{rel}","templated":true}]}}