{"id":45939,"date":"2026-04-28T19:02:51","date_gmt":"2026-04-28T19:02:51","guid":{"rendered":"https:\/\/cnctulua.tv\/?p=45939"},"modified":"2026-04-28T19:02:51","modified_gmt":"2026-04-28T19:02:51","slug":"escritores-vallecaucanos-destacan-en-la-filbo-2026-con-apoyo-institucional","status":"publish","type":"post","link":"https:\/\/cnctulua.tv\/?p=45939","title":{"rendered":"Escritores vallecaucanos destacan en la FilBo 2026 con apoyo institucional."},"content":{"rendered":"\n<p>M\u00e1s de 38 escritores del Valle del Cauca participan en la Feria Internacional del Libro de Bogot\u00e1, gracias al respaldo de la Gobernaci\u00f3n, que impulsa espacios como \u201cEl Valle y sus Letras\u201d y el Festival \u201cOiga Mire Lea\u201d.<\/p>\n\n\n\n<figure class=\"wp-block-embed is-type-video is-provider-youtube wp-block-embed-youtube wp-embed-aspect-16-9 wp-has-aspect-ratio\"><div class=\"wp-block-embed__wrapper\">\n<iframe loading=\"lazy\" title=\"\ud83d\udcd6 Escritores del Valle brillan en la FilBo 2026.\" width=\"640\" height=\"360\" src=\"https:\/\/www.youtube.com\/embed\/p66CcJv5abg?feature=oembed\" frameborder=\"0\" allow=\"accelerometer; autoplay; clipboard-write; encrypted-media; gyroscope; picture-in-picture; web-share\" referrerpolicy=\"strict-origin-when-cross-origin\" allowfullscreen><\/iframe>\n<\/div><\/figure>\n\n\n\n<p>Los autores resaltan este apoyo como fundamental para visibilizar su trabajo, conectar con nuevos p\u00fablicos y promover la identidad cultural del departamento a nivel nacional e internacional.<\/p>\n\n\n\n<figure class=\"wp-block-image size-large\"><img loading=\"lazy\" decoding=\"async\" width=\"685\" height=\"1024\" src=\"https:\/\/cnctulua.tv\/wp-content\/uploads\/2026\/04\/FOTO-ESCRITORES-VALLECAUCANOS-685x1024.jpeg\" alt=\"\" class=\"wp-image-45946\" srcset=\"https:\/\/cnctulua.tv\/wp-content\/uploads\/2026\/04\/FOTO-ESCRITORES-VALLECAUCANOS-685x1024.jpeg 685w, https:\/\/cnctulua.tv\/wp-content\/uploads\/2026\/04\/FOTO-ESCRITORES-VALLECAUCANOS-201x300.jpeg 201w, https:\/\/cnctulua.tv\/wp-content\/uploads\/2026\/04\/FOTO-ESCRITORES-VALLECAUCANOS-768x1148.jpeg 768w, https:\/\/cnctulua.tv\/wp-content\/uploads\/2026\/04\/FOTO-ESCRITORES-VALLECAUCANOS-1027x1536.jpeg 1027w, https:\/\/cnctulua.tv\/wp-content\/uploads\/2026\/04\/FOTO-ESCRITORES-VALLECAUCANOS.jpeg 1070w\" sizes=\"auto, (max-width: 685px) 100vw, 685px\" \/><\/figure>\n\n\n\n<p>Desde la Biblioteca Departamental tambi\u00e9n se destac\u00f3 que esta iniciativa fortalece el trabajo de miles de escritores que buscan posicionar la literatura vallecaucana.<\/p>\n\n\n\n<p>La agenda cultural contin\u00faa con presentaciones de libros y actividades hasta el 4 de mayo, consolidando al Valle como protagonista en uno de los eventos literarios m\u00e1s importantes de la regi\u00f3n.<\/p>\n","protected":false},"excerpt":{"rendered":"<p>M\u00e1s de 38 escritores del Valle del Cauca participan en la Feria Internacional del Libro de Bogot\u00e1, gracias al respaldo de la Gobernaci\u00f3n, que impulsa espacios como \u201cEl Valle y sus Letras\u201d y el Festival \u201cOiga Mire Lea\u201d. Los autores resaltan este apoyo como fundamental para visibilizar su trabajo, conectar con nuevos p\u00fablicos y promover [&hellip;]<\/p>\n","protected":false},"author":3,"featured_media":45945,"comment_status":"open","ping_status":"open","sticky":false,"template":"","format":"video","meta":{"footnotes":""},"categories":[10,1515],"tags":[],"class_list":["post-45939","post","type-post","status-publish","format-video","has-post-thumbnail","hentry","category-cnc-noticias-tulua","category-cnc-tulua","post_format-post-format-video"],"_links":{"self":[{"href":"https:\/\/cnctulua.tv\/index.php?rest_route=\/wp\/v2\/posts\/45939","targetHints":{"allow":["GET"]}}],"collection":[{"href":"https:\/\/cnctulua.tv\/index.php?rest_route=\/wp\/v2\/posts"}],"about":[{"href":"https:\/\/cnctulua.tv\/index.php?rest_route=\/wp\/v2\/types\/post"}],"author":[{"embeddable":true,"href":"https:\/\/cnctulua.tv\/index.php?rest_route=\/wp\/v2\/users\/3"}],"replies":[{"embeddable":true,"href":"https:\/\/cnctulua.tv\/index.php?rest_route=%2Fwp%2Fv2%2Fcomments&post=45939"}],"version-history":[{"count":1,"href":"https:\/\/cnctulua.tv\/index.php?rest_route=\/wp\/v2\/posts\/45939\/revisions"}],"predecessor-version":[{"id":45948,"href":"https:\/\/cnctulua.tv\/index.php?rest_route=\/wp\/v2\/posts\/45939\/revisions\/45948"}],"wp:featuredmedia":[{"embeddable":true,"href":"https:\/\/cnctulua.tv\/index.php?rest_route=\/wp\/v2\/media\/45945"}],"wp:attachment":[{"href":"https:\/\/cnctulua.tv\/index.php?rest_route=%2Fwp%2Fv2%2Fmedia&parent=45939"}],"wp:term":[{"taxonomy":"category","embeddable":true,"href":"https:\/\/cnctulua.tv\/index.php?rest_route=%2Fwp%2Fv2%2Fcategories&post=45939"},{"taxonomy":"post_tag","embeddable":true,"href":"https:\/\/cnctulua.tv\/index.php?rest_route=%2Fwp%2Fv2%2Ftags&post=45939"}],"curies":[{"name":"wp","href":"https:\/\/api.w.org\/{rel}","templated":true}]}}