{"id":45960,"date":"2026-04-28T20:17:57","date_gmt":"2026-04-28T20:17:57","guid":{"rendered":"https:\/\/cnctulua.tv\/?p=45960"},"modified":"2026-04-28T20:17:57","modified_gmt":"2026-04-28T20:17:57","slug":"gobernadora-del-valle-pide-no-estigmatizar-al-departamento-y-destaca-su-potencial-turistico","status":"publish","type":"post","link":"https:\/\/cnctulua.tv\/?p=45960","title":{"rendered":"Gobernadora del Valle pide no estigmatizar al departamento y destaca su potencial tur\u00edstico."},"content":{"rendered":"\n<p>La gobernadora Dilian Francisca Toro hizo un llamado a no estigmatizar al Valle del Cauca tras la alerta emitida por Estados Unidos sobre viajes a zonas afectadas por la violencia en Colombia.<\/p>\n\n\n\n<figure class=\"wp-block-embed is-type-video is-provider-youtube wp-block-embed-youtube wp-embed-aspect-16-9 wp-has-aspect-ratio\"><div class=\"wp-block-embed__wrapper\">\n<iframe loading=\"lazy\" title=\"\ud83c\udf0e Valle del Cauca responde a alerta y reafirma su potencial tur\u00edstico.\" width=\"640\" height=\"360\" src=\"https:\/\/www.youtube.com\/embed\/hYYBhLXnoz0?feature=oembed\" frameborder=\"0\" allow=\"accelerometer; autoplay; clipboard-write; encrypted-media; gyroscope; picture-in-picture; web-share\" referrerpolicy=\"strict-origin-when-cross-origin\" allowfullscreen><\/iframe>\n<\/div><\/figure>\n\n\n\n<p>La mandataria asegur\u00f3 que el departamento sigue siendo un destino digno de visitar y que las acciones de unos pocos no representan a toda la regi\u00f3n.<\/p>\n\n\n\n<figure class=\"wp-block-gallery has-nested-images columns-default is-cropped wp-block-gallery-1 is-layout-flex wp-block-gallery-is-layout-flex\">\n<figure class=\"wp-block-image size-large\"><img loading=\"lazy\" decoding=\"async\" width=\"1024\" height=\"682\" data-id=\"45963\" src=\"https:\/\/cnctulua.tv\/wp-content\/uploads\/2026\/04\/FOTOS-NO-ESTIGMATIZAR-AL-VALLE-DEL-CAUCA-7-1024x682.jpeg\" alt=\"\" class=\"wp-image-45963\" srcset=\"https:\/\/cnctulua.tv\/wp-content\/uploads\/2026\/04\/FOTOS-NO-ESTIGMATIZAR-AL-VALLE-DEL-CAUCA-7-1024x682.jpeg 1024w, https:\/\/cnctulua.tv\/wp-content\/uploads\/2026\/04\/FOTOS-NO-ESTIGMATIZAR-AL-VALLE-DEL-CAUCA-7-300x200.jpeg 300w, https:\/\/cnctulua.tv\/wp-content\/uploads\/2026\/04\/FOTOS-NO-ESTIGMATIZAR-AL-VALLE-DEL-CAUCA-7-768x512.jpeg 768w, https:\/\/cnctulua.tv\/wp-content\/uploads\/2026\/04\/FOTOS-NO-ESTIGMATIZAR-AL-VALLE-DEL-CAUCA-7-1536x1023.jpeg 1536w, https:\/\/cnctulua.tv\/wp-content\/uploads\/2026\/04\/FOTOS-NO-ESTIGMATIZAR-AL-VALLE-DEL-CAUCA-7.jpeg 1600w\" sizes=\"auto, (max-width: 1024px) 100vw, 1024px\" \/><\/figure>\n<\/figure>\n\n\n\n<p>Adem\u00e1s, destac\u00f3 la vocaci\u00f3n tur\u00edstica del Valle, su desarrollo econ\u00f3mico y su reconocimiento como la cuna de la salsa, as\u00ed como su oferta gastron\u00f3mica y cultural.<\/p>\n\n\n\n<p>La Gobernaci\u00f3n reiter\u00f3 el trabajo conjunto con la Fuerza P\u00fablica para garantizar la seguridad de residentes y visitantes, mientras el departamento contin\u00faa consolid\u00e1ndose como uno de los destinos m\u00e1s atractivos del pa\u00eds.<\/p>\n","protected":false},"excerpt":{"rendered":"<p>La gobernadora Dilian Francisca Toro hizo un llamado a no estigmatizar al Valle del Cauca tras la alerta emitida por Estados Unidos sobre viajes a zonas afectadas por la violencia en Colombia. La mandataria asegur\u00f3 que el departamento sigue siendo un destino digno de visitar y que las acciones de unos pocos no representan a [&hellip;]<\/p>\n","protected":false},"author":3,"featured_media":45962,"comment_status":"open","ping_status":"open","sticky":false,"template":"","format":"video","meta":{"footnotes":""},"categories":[10,1515],"tags":[],"class_list":["post-45960","post","type-post","status-publish","format-video","has-post-thumbnail","hentry","category-cnc-noticias-tulua","category-cnc-tulua","post_format-post-format-video"],"_links":{"self":[{"href":"https:\/\/cnctulua.tv\/index.php?rest_route=\/wp\/v2\/posts\/45960","targetHints":{"allow":["GET"]}}],"collection":[{"href":"https:\/\/cnctulua.tv\/index.php?rest_route=\/wp\/v2\/posts"}],"about":[{"href":"https:\/\/cnctulua.tv\/index.php?rest_route=\/wp\/v2\/types\/post"}],"author":[{"embeddable":true,"href":"https:\/\/cnctulua.tv\/index.php?rest_route=\/wp\/v2\/users\/3"}],"replies":[{"embeddable":true,"href":"https:\/\/cnctulua.tv\/index.php?rest_route=%2Fwp%2Fv2%2Fcomments&post=45960"}],"version-history":[{"count":1,"href":"https:\/\/cnctulua.tv\/index.php?rest_route=\/wp\/v2\/posts\/45960\/revisions"}],"predecessor-version":[{"id":45967,"href":"https:\/\/cnctulua.tv\/index.php?rest_route=\/wp\/v2\/posts\/45960\/revisions\/45967"}],"wp:featuredmedia":[{"embeddable":true,"href":"https:\/\/cnctulua.tv\/index.php?rest_route=\/wp\/v2\/media\/45962"}],"wp:attachment":[{"href":"https:\/\/cnctulua.tv\/index.php?rest_route=%2Fwp%2Fv2%2Fmedia&parent=45960"}],"wp:term":[{"taxonomy":"category","embeddable":true,"href":"https:\/\/cnctulua.tv\/index.php?rest_route=%2Fwp%2Fv2%2Fcategories&post=45960"},{"taxonomy":"post_tag","embeddable":true,"href":"https:\/\/cnctulua.tv\/index.php?rest_route=%2Fwp%2Fv2%2Ftags&post=45960"}],"curies":[{"name":"wp","href":"https:\/\/api.w.org\/{rel}","templated":true}]}}