{"id":45969,"date":"2026-04-28T21:03:14","date_gmt":"2026-04-28T21:03:14","guid":{"rendered":"https:\/\/cnctulua.tv\/?p=45969"},"modified":"2026-04-28T21:03:14","modified_gmt":"2026-04-28T21:03:14","slug":"el-festival-de-la-familia-de-cali-lleno-de-alegria-el-bulevar-de-oriente-en-el-dia-de-la-ninez","status":"publish","type":"post","link":"https:\/\/cnctulua.tv\/?p=45969","title":{"rendered":"El Festival de la Familia de Cali llen\u00f3 de alegr\u00eda el Bulevar de Oriente en el D\u00eda de la Ni\u00f1ez."},"content":{"rendered":"\n<p>Cerca de 10 mil personas participaron en la segunda edici\u00f3n del Festival de la Familia 2026, realizada en el Bulevar de Oriente en la Comuna 14 de Cali, en el marco del D\u00eda de la Ni\u00f1ez.<\/p>\n\n\n\n<figure class=\"wp-block-embed is-type-video is-provider-youtube wp-block-embed-youtube wp-embed-aspect-16-9 wp-has-aspect-ratio\"><div class=\"wp-block-embed__wrapper\">\n<iframe loading=\"lazy\" title=\"\ud83c\udf89 \ud83c\udf27\ufe0f Multitudinaria jornada familiar en Cali pese a la lluvia.\" width=\"640\" height=\"360\" src=\"https:\/\/www.youtube.com\/embed\/M35lFHy_K0U?feature=oembed\" frameborder=\"0\" allow=\"accelerometer; autoplay; clipboard-write; encrypted-media; gyroscope; picture-in-picture; web-share\" referrerpolicy=\"strict-origin-when-cross-origin\" allowfullscreen><\/iframe>\n<\/div><\/figure>\n\n\n\n<p>El evento ofreci\u00f3 m\u00e1s de 50 actividades recreativas, deportivas y culturales, distribuidas en zonas tem\u00e1ticas para diferentes edades, promoviendo la integraci\u00f3n familiar y el uso del espacio p\u00fablico.<\/p>\n\n\n\n<p>Durante la jornada, los asistentes disfrutaron de simuladores, inflables, deportes urbanos, actividades art\u00edsticas, emprendimientos y espacios de recreaci\u00f3n para toda la familia.<\/p>\n\n\n\n<p>Las autoridades destacaron que el festival continuar\u00e1 con siete ediciones m\u00e1s durante el a\u00f1o, en distintas comunas y corregimientos de la ciudad.<\/p>\n","protected":false},"excerpt":{"rendered":"<p>Cerca de 10 mil personas participaron en la segunda edici\u00f3n del Festival de la Familia 2026, realizada en el Bulevar de Oriente en la Comuna 14 de Cali, en el marco del D\u00eda de la Ni\u00f1ez. El evento ofreci\u00f3 m\u00e1s de 50 actividades recreativas, deportivas y culturales, distribuidas en zonas tem\u00e1ticas para diferentes edades, promoviendo [&hellip;]<\/p>\n","protected":false},"author":3,"featured_media":45974,"comment_status":"open","ping_status":"open","sticky":false,"template":"","format":"video","meta":{"footnotes":""},"categories":[10,1515],"tags":[],"class_list":["post-45969","post","type-post","status-publish","format-video","has-post-thumbnail","hentry","category-cnc-noticias-tulua","category-cnc-tulua","post_format-post-format-video"],"_links":{"self":[{"href":"https:\/\/cnctulua.tv\/index.php?rest_route=\/wp\/v2\/posts\/45969","targetHints":{"allow":["GET"]}}],"collection":[{"href":"https:\/\/cnctulua.tv\/index.php?rest_route=\/wp\/v2\/posts"}],"about":[{"href":"https:\/\/cnctulua.tv\/index.php?rest_route=\/wp\/v2\/types\/post"}],"author":[{"embeddable":true,"href":"https:\/\/cnctulua.tv\/index.php?rest_route=\/wp\/v2\/users\/3"}],"replies":[{"embeddable":true,"href":"https:\/\/cnctulua.tv\/index.php?rest_route=%2Fwp%2Fv2%2Fcomments&post=45969"}],"version-history":[{"count":1,"href":"https:\/\/cnctulua.tv\/index.php?rest_route=\/wp\/v2\/posts\/45969\/revisions"}],"predecessor-version":[{"id":45975,"href":"https:\/\/cnctulua.tv\/index.php?rest_route=\/wp\/v2\/posts\/45969\/revisions\/45975"}],"wp:featuredmedia":[{"embeddable":true,"href":"https:\/\/cnctulua.tv\/index.php?rest_route=\/wp\/v2\/media\/45974"}],"wp:attachment":[{"href":"https:\/\/cnctulua.tv\/index.php?rest_route=%2Fwp%2Fv2%2Fmedia&parent=45969"}],"wp:term":[{"taxonomy":"category","embeddable":true,"href":"https:\/\/cnctulua.tv\/index.php?rest_route=%2Fwp%2Fv2%2Fcategories&post=45969"},{"taxonomy":"post_tag","embeddable":true,"href":"https:\/\/cnctulua.tv\/index.php?rest_route=%2Fwp%2Fv2%2Ftags&post=45969"}],"curies":[{"name":"wp","href":"https:\/\/api.w.org\/{rel}","templated":true}]}}