{"id":45993,"date":"2026-04-29T18:04:48","date_gmt":"2026-04-29T18:04:48","guid":{"rendered":"https:\/\/cnctulua.tv\/?p=45993"},"modified":"2026-04-29T18:04:48","modified_gmt":"2026-04-29T18:04:48","slug":"capturan-en-palmira-a-presunto-cabecilla-vinculado-a-atentado-en-cajibio","status":"publish","type":"post","link":"https:\/\/cnctulua.tv\/?p=45993","title":{"rendered":"Capturan en Palmira a presunto cabecilla vinculado a atentado en Cajib\u00edo."},"content":{"rendered":"\n<p>En desarrollo de la denominada \u201cOperaci\u00f3n Dignidad\u201d, la Polic\u00eda Nacional captur\u00f3 en zona rural de Palmira, Valle del Cauca, a un hombre se\u00f1alado como uno de los principales responsables de la reciente escalada violenta en el suroccidente colombiano.<\/p>\n\n\n\n<figure class=\"wp-block-embed is-type-video is-provider-youtube wp-block-embed-youtube wp-embed-aspect-16-9 wp-has-aspect-ratio\"><div class=\"wp-block-embed__wrapper\">\n<iframe loading=\"lazy\" title=\"\ud83d\udea8\ud83d\udc6e\u200d\u2642\ufe0f Cae presunto cabecilla vinculado a atentado en la v\u00eda Panamericana.\" width=\"640\" height=\"360\" src=\"https:\/\/www.youtube.com\/embed\/PInUH5A9--E?feature=oembed\" frameborder=\"0\" allow=\"accelerometer; autoplay; clipboard-write; encrypted-media; gyroscope; picture-in-picture; web-share\" referrerpolicy=\"strict-origin-when-cross-origin\" allowfullscreen><\/iframe>\n<\/div><\/figure>\n\n\n\n<p>El operativo se realiz\u00f3 en articulaci\u00f3n con las Fuerzas Militares y la Fiscal\u00eda General de la Naci\u00f3n. El capturado se movilizaba acompa\u00f1ado de su pareja y con un esquema de seguridad armado.<\/p>\n\n\n\n<p>De acuerdo con las autoridades, es requerido por el delito de terrorismo y estar\u00eda vinculado al atentado ocurrido el 25 de abril en el sector del t\u00fanel de Cajib\u00edo, sobre la v\u00eda Panamericana, que dej\u00f3 20 personas fallecidas y 38 heridas.<\/p>\n\n\n\n<p>Durante la acci\u00f3n se incaut\u00f3 un arma de fuego y varios equipos celulares que ser\u00e1n analizados para fortalecer las investigaciones.<\/p>\n\n\n\n<p>Las autoridades se\u00f1alaron que el detenido tendr\u00eda una trayectoria criminal de m\u00e1s de dos d\u00e9cadas y participaci\u00f3n en m\u00faltiples acciones violentas en la regi\u00f3n.<\/p>\n\n\n\n<p>Asimismo, indicaron que contin\u00faan los operativos para ubicar a otros responsables y avanzar en la desarticulaci\u00f3n de estas redes criminales.<\/p>\n","protected":false},"excerpt":{"rendered":"<p>En desarrollo de la denominada \u201cOperaci\u00f3n Dignidad\u201d, la Polic\u00eda Nacional captur\u00f3 en zona rural de Palmira, Valle del Cauca, a un hombre se\u00f1alado como uno de los principales responsables de la reciente escalada violenta en el suroccidente colombiano. El operativo se realiz\u00f3 en articulaci\u00f3n con las Fuerzas Militares y la Fiscal\u00eda General de la Naci\u00f3n. [&hellip;]<\/p>\n","protected":false},"author":3,"featured_media":46005,"comment_status":"open","ping_status":"open","sticky":false,"template":"","format":"video","meta":{"footnotes":""},"categories":[10,1515,1],"tags":[],"class_list":["post-45993","post","type-post","status-publish","format-video","has-post-thumbnail","hentry","category-cnc-noticias-tulua","category-cnc-tulua","category-uncategorized","post_format-post-format-video"],"_links":{"self":[{"href":"https:\/\/cnctulua.tv\/index.php?rest_route=\/wp\/v2\/posts\/45993","targetHints":{"allow":["GET"]}}],"collection":[{"href":"https:\/\/cnctulua.tv\/index.php?rest_route=\/wp\/v2\/posts"}],"about":[{"href":"https:\/\/cnctulua.tv\/index.php?rest_route=\/wp\/v2\/types\/post"}],"author":[{"embeddable":true,"href":"https:\/\/cnctulua.tv\/index.php?rest_route=\/wp\/v2\/users\/3"}],"replies":[{"embeddable":true,"href":"https:\/\/cnctulua.tv\/index.php?rest_route=%2Fwp%2Fv2%2Fcomments&post=45993"}],"version-history":[{"count":2,"href":"https:\/\/cnctulua.tv\/index.php?rest_route=\/wp\/v2\/posts\/45993\/revisions"}],"predecessor-version":[{"id":46010,"href":"https:\/\/cnctulua.tv\/index.php?rest_route=\/wp\/v2\/posts\/45993\/revisions\/46010"}],"wp:featuredmedia":[{"embeddable":true,"href":"https:\/\/cnctulua.tv\/index.php?rest_route=\/wp\/v2\/media\/46005"}],"wp:attachment":[{"href":"https:\/\/cnctulua.tv\/index.php?rest_route=%2Fwp%2Fv2%2Fmedia&parent=45993"}],"wp:term":[{"taxonomy":"category","embeddable":true,"href":"https:\/\/cnctulua.tv\/index.php?rest_route=%2Fwp%2Fv2%2Fcategories&post=45993"},{"taxonomy":"post_tag","embeddable":true,"href":"https:\/\/cnctulua.tv\/index.php?rest_route=%2Fwp%2Fv2%2Ftags&post=45993"}],"curies":[{"name":"wp","href":"https:\/\/api.w.org\/{rel}","templated":true}]}}