{"id":46006,"date":"2026-04-29T18:16:50","date_gmt":"2026-04-29T18:16:50","guid":{"rendered":"https:\/\/cnctulua.tv\/?p=46006"},"modified":"2026-04-29T18:37:22","modified_gmt":"2026-04-29T18:37:22","slug":"autoridades-destacan-captura-clave-y-piden-intensificar-ofensiva-contra-el-crimen","status":"publish","type":"post","link":"https:\/\/cnctulua.tv\/?p=46006","title":{"rendered":"Autoridades destacan captura clave y piden intensificar ofensiva contra el crimen."},"content":{"rendered":"\n<p>Tras la captura de un presunto cabecilla criminal en el Valle del Cauca, autoridades regionales destacaron este resultado como un avance importante en la lucha contra la violencia en el suroccidente colombiano.<\/p>\n\n\n\n<figure class=\"wp-block-embed is-type-video is-provider-youtube wp-block-embed-youtube wp-embed-aspect-16-9 wp-has-aspect-ratio\"><div class=\"wp-block-embed__wrapper\">\n<iframe loading=\"lazy\" title=\"\ud83d\udea8\ud83d\udc6e\u200d\u2642\ufe0f Autoridades destacan captura clave contra el crimen en el Valle del Cauca.\" width=\"640\" height=\"360\" src=\"https:\/\/www.youtube.com\/embed\/g2UDx5UoT6A?feature=oembed\" frameborder=\"0\" allow=\"accelerometer; autoplay; clipboard-write; encrypted-media; gyroscope; picture-in-picture; web-share\" referrerpolicy=\"strict-origin-when-cross-origin\" allowfullscreen><\/iframe>\n<\/div><\/figure>\n\n\n\n<p>El alcalde de Cali, Alejandro Eder, resalt\u00f3 el trabajo de inteligencia de la Fuerza P\u00fablica que permiti\u00f3 concretar el operativo, mientras que la gobernadora Dilian Francisca Toro asegur\u00f3 que esta acci\u00f3n marca el inicio de la desarticulaci\u00f3n de estructuras responsables de m\u00faltiples hechos delictivos en la regi\u00f3n.<\/p>\n\n\n\n<p>De acuerdo con la mandataria, estas organizaciones ten\u00edan influencia en el Cauca y la cordillera Central, afectando al Valle del Cauca con delitos como narcotr\u00e1fico, homicidios y extorsi\u00f3n, especialmente en municipios como Palmira y Florida.<\/p>\n\n\n\n<p>Asimismo, reiter\u00f3 el llamado a continuar con las capturas para debilitar completamente estas redes criminales y garantizar la seguridad en el suroccidente del pa\u00eds.<\/p>\n\n\n\n<p>Las autoridades coincidieron en que este resultado es significativo, pero insistieron en que la ofensiva debe mantenerse para lograr resultados sostenidos en materia de seguridad.<\/p>\n","protected":false},"excerpt":{"rendered":"<p>Tras la captura de un presunto cabecilla criminal en el Valle del Cauca, autoridades regionales destacaron este resultado como un avance importante en la lucha contra la violencia en el suroccidente colombiano. El alcalde de Cali, Alejandro Eder, resalt\u00f3 el trabajo de inteligencia de la Fuerza P\u00fablica que permiti\u00f3 concretar el operativo, mientras que la [&hellip;]<\/p>\n","protected":false},"author":3,"featured_media":46008,"comment_status":"open","ping_status":"open","sticky":false,"template":"","format":"video","meta":{"footnotes":""},"categories":[10,1515],"tags":[],"class_list":["post-46006","post","type-post","status-publish","format-video","has-post-thumbnail","hentry","category-cnc-noticias-tulua","category-cnc-tulua","post_format-post-format-video"],"_links":{"self":[{"href":"https:\/\/cnctulua.tv\/index.php?rest_route=\/wp\/v2\/posts\/46006","targetHints":{"allow":["GET"]}}],"collection":[{"href":"https:\/\/cnctulua.tv\/index.php?rest_route=\/wp\/v2\/posts"}],"about":[{"href":"https:\/\/cnctulua.tv\/index.php?rest_route=\/wp\/v2\/types\/post"}],"author":[{"embeddable":true,"href":"https:\/\/cnctulua.tv\/index.php?rest_route=\/wp\/v2\/users\/3"}],"replies":[{"embeddable":true,"href":"https:\/\/cnctulua.tv\/index.php?rest_route=%2Fwp%2Fv2%2Fcomments&post=46006"}],"version-history":[{"count":3,"href":"https:\/\/cnctulua.tv\/index.php?rest_route=\/wp\/v2\/posts\/46006\/revisions"}],"predecessor-version":[{"id":46020,"href":"https:\/\/cnctulua.tv\/index.php?rest_route=\/wp\/v2\/posts\/46006\/revisions\/46020"}],"wp:featuredmedia":[{"embeddable":true,"href":"https:\/\/cnctulua.tv\/index.php?rest_route=\/wp\/v2\/media\/46008"}],"wp:attachment":[{"href":"https:\/\/cnctulua.tv\/index.php?rest_route=%2Fwp%2Fv2%2Fmedia&parent=46006"}],"wp:term":[{"taxonomy":"category","embeddable":true,"href":"https:\/\/cnctulua.tv\/index.php?rest_route=%2Fwp%2Fv2%2Fcategories&post=46006"},{"taxonomy":"post_tag","embeddable":true,"href":"https:\/\/cnctulua.tv\/index.php?rest_route=%2Fwp%2Fv2%2Ftags&post=46006"}],"curies":[{"name":"wp","href":"https:\/\/api.w.org\/{rel}","templated":true}]}}