{"id":46015,"date":"2026-04-29T18:37:47","date_gmt":"2026-04-29T18:37:47","guid":{"rendered":"https:\/\/cnctulua.tv\/?p=46015"},"modified":"2026-04-29T18:37:58","modified_gmt":"2026-04-29T18:37:58","slug":"cali-alerta-por-inseguridad-y-pide-acciones-nacionales","status":"publish","type":"post","link":"https:\/\/cnctulua.tv\/?p=46015","title":{"rendered":"Cali alerta por inseguridad y pide acciones nacionales."},"content":{"rendered":"\n<p>Cali particip\u00f3 en el encuentro \u201cColombia: abordar la inseguridad ciudadana desde lo subnacional\u201d, donde autoridades locales, expertos y l\u00edderes analizaron los principales desaf\u00edos en materia de seguridad en el pa\u00eds.<\/p>\n\n\n\n<figure class=\"wp-block-embed is-type-video is-provider-youtube wp-block-embed-youtube wp-embed-aspect-16-9 wp-has-aspect-ratio\"><div class=\"wp-block-embed__wrapper\">\n<iframe loading=\"lazy\" title=\"\ud83d\udcca Cali alerta por inseguridad y pide acciones nacionales.\" width=\"640\" height=\"360\" src=\"https:\/\/www.youtube.com\/embed\/JDgSVx8MH7o?feature=oembed\" frameborder=\"0\" allow=\"accelerometer; autoplay; clipboard-write; encrypted-media; gyroscope; picture-in-picture; web-share\" referrerpolicy=\"strict-origin-when-cross-origin\" allowfullscreen><\/iframe>\n<\/div><\/figure>\n\n\n\n<p>Durante el espacio, se destac\u00f3 la necesidad de fortalecer la articulaci\u00f3n con el Gobierno Nacional, ante el aumento de delitos y la reducci\u00f3n en capacidades de inteligencia.<\/p>\n\n\n\n<p>El secretario de Gobierno Distrital, Fernando Grillo, advirti\u00f3 sobre la persistencia de amenazas como atentados terroristas y la importancia de implementar respuestas estructurales. La administraci\u00f3n distrital tambi\u00e9n present\u00f3 su estrategia integral de seguridad, enfocada en el fortalecimiento institucional, la inversi\u00f3n y programas sociales dirigidos a j\u00f3venes, como parte de las acciones para reducir la violencia<\/p>\n","protected":false},"excerpt":{"rendered":"<p>Cali particip\u00f3 en el encuentro \u201cColombia: abordar la inseguridad ciudadana desde lo subnacional\u201d, donde autoridades locales, expertos y l\u00edderes analizaron los principales desaf\u00edos en materia de seguridad en el pa\u00eds. Durante el espacio, se destac\u00f3 la necesidad de fortalecer la articulaci\u00f3n con el Gobierno Nacional, ante el aumento de delitos y la reducci\u00f3n en capacidades [&hellip;]<\/p>\n","protected":false},"author":3,"featured_media":46017,"comment_status":"open","ping_status":"open","sticky":false,"template":"","format":"video","meta":{"footnotes":""},"categories":[10,1515],"tags":[],"class_list":["post-46015","post","type-post","status-publish","format-video","has-post-thumbnail","hentry","category-cnc-noticias-tulua","category-cnc-tulua","post_format-post-format-video"],"_links":{"self":[{"href":"https:\/\/cnctulua.tv\/index.php?rest_route=\/wp\/v2\/posts\/46015","targetHints":{"allow":["GET"]}}],"collection":[{"href":"https:\/\/cnctulua.tv\/index.php?rest_route=\/wp\/v2\/posts"}],"about":[{"href":"https:\/\/cnctulua.tv\/index.php?rest_route=\/wp\/v2\/types\/post"}],"author":[{"embeddable":true,"href":"https:\/\/cnctulua.tv\/index.php?rest_route=\/wp\/v2\/users\/3"}],"replies":[{"embeddable":true,"href":"https:\/\/cnctulua.tv\/index.php?rest_route=%2Fwp%2Fv2%2Fcomments&post=46015"}],"version-history":[{"count":1,"href":"https:\/\/cnctulua.tv\/index.php?rest_route=\/wp\/v2\/posts\/46015\/revisions"}],"predecessor-version":[{"id":46022,"href":"https:\/\/cnctulua.tv\/index.php?rest_route=\/wp\/v2\/posts\/46015\/revisions\/46022"}],"wp:featuredmedia":[{"embeddable":true,"href":"https:\/\/cnctulua.tv\/index.php?rest_route=\/wp\/v2\/media\/46017"}],"wp:attachment":[{"href":"https:\/\/cnctulua.tv\/index.php?rest_route=%2Fwp%2Fv2%2Fmedia&parent=46015"}],"wp:term":[{"taxonomy":"category","embeddable":true,"href":"https:\/\/cnctulua.tv\/index.php?rest_route=%2Fwp%2Fv2%2Fcategories&post=46015"},{"taxonomy":"post_tag","embeddable":true,"href":"https:\/\/cnctulua.tv\/index.php?rest_route=%2Fwp%2Fv2%2Ftags&post=46015"}],"curies":[{"name":"wp","href":"https:\/\/api.w.org\/{rel}","templated":true}]}}