{"id":46036,"date":"2026-04-29T20:01:05","date_gmt":"2026-04-29T20:01:05","guid":{"rendered":"https:\/\/cnctulua.tv\/?p=46036"},"modified":"2026-04-29T20:01:05","modified_gmt":"2026-04-29T20:01:05","slug":"cali-firma-alianza-con-saint-ouen-sur-seine-en-francia","status":"publish","type":"post","link":"https:\/\/cnctulua.tv\/?p=46036","title":{"rendered":"Cali firma alianza con Saint-Ouen-sur-Seine en Francia."},"content":{"rendered":"\n<p>Santiago de Cali firm\u00f3 un acuerdo de cooperaci\u00f3n con la ciudad de Saint-Ouen-sur-Seine, en Francia, en articulaci\u00f3n con la Gobernaci\u00f3n del Valle del Cauca, con el objetivo de impulsar iniciativas conjuntas en juventud, cultura y sostenibilidad ambiental.<\/p>\n\n\n\n<figure class=\"wp-block-embed is-type-video is-provider-youtube wp-block-embed-youtube wp-embed-aspect-16-9 wp-has-aspect-ratio\"><div class=\"wp-block-embed__wrapper\">\n<iframe loading=\"lazy\" title=\"\ud83c\udf0d\ud83e\udd1d Cali firma alianza internacional con ciudad de Francia.\" width=\"640\" height=\"360\" src=\"https:\/\/www.youtube.com\/embed\/PjANvBpRtss?feature=oembed\" frameborder=\"0\" allow=\"accelerometer; autoplay; clipboard-write; encrypted-media; gyroscope; picture-in-picture; web-share\" referrerpolicy=\"strict-origin-when-cross-origin\" allowfullscreen><\/iframe>\n<\/div><\/figure>\n\n\n\n<p>El acuerdo contempla intercambios en \u00e1reas como educaci\u00f3n, deporte, cultura y desarrollo social, adem\u00e1s del fortalecimiento de estrategias para la inclusi\u00f3n y la generaci\u00f3n de oportunidades para j\u00f3venes.<\/p>\n\n\n\n<p>Durante la firma participaron autoridades locales, el alcalde de Saint-Ouen-sur-Seine, Karim Bouamrane, y el embajador de Colombia en Francia. Con esta alianza, Cali fortalece su estrategia de internacionalizaci\u00f3n y su conexi\u00f3n con redes de cooperaci\u00f3n globa<\/p>\n","protected":false},"excerpt":{"rendered":"<p>Santiago de Cali firm\u00f3 un acuerdo de cooperaci\u00f3n con la ciudad de Saint-Ouen-sur-Seine, en Francia, en articulaci\u00f3n con la Gobernaci\u00f3n del Valle del Cauca, con el objetivo de impulsar iniciativas conjuntas en juventud, cultura y sostenibilidad ambiental. El acuerdo contempla intercambios en \u00e1reas como educaci\u00f3n, deporte, cultura y desarrollo social, adem\u00e1s del fortalecimiento de estrategias [&hellip;]<\/p>\n","protected":false},"author":3,"featured_media":46037,"comment_status":"open","ping_status":"open","sticky":false,"template":"","format":"video","meta":{"footnotes":""},"categories":[10,1515],"tags":[],"class_list":["post-46036","post","type-post","status-publish","format-video","has-post-thumbnail","hentry","category-cnc-noticias-tulua","category-cnc-tulua","post_format-post-format-video"],"_links":{"self":[{"href":"https:\/\/cnctulua.tv\/index.php?rest_route=\/wp\/v2\/posts\/46036","targetHints":{"allow":["GET"]}}],"collection":[{"href":"https:\/\/cnctulua.tv\/index.php?rest_route=\/wp\/v2\/posts"}],"about":[{"href":"https:\/\/cnctulua.tv\/index.php?rest_route=\/wp\/v2\/types\/post"}],"author":[{"embeddable":true,"href":"https:\/\/cnctulua.tv\/index.php?rest_route=\/wp\/v2\/users\/3"}],"replies":[{"embeddable":true,"href":"https:\/\/cnctulua.tv\/index.php?rest_route=%2Fwp%2Fv2%2Fcomments&post=46036"}],"version-history":[{"count":1,"href":"https:\/\/cnctulua.tv\/index.php?rest_route=\/wp\/v2\/posts\/46036\/revisions"}],"predecessor-version":[{"id":46040,"href":"https:\/\/cnctulua.tv\/index.php?rest_route=\/wp\/v2\/posts\/46036\/revisions\/46040"}],"wp:featuredmedia":[{"embeddable":true,"href":"https:\/\/cnctulua.tv\/index.php?rest_route=\/wp\/v2\/media\/46037"}],"wp:attachment":[{"href":"https:\/\/cnctulua.tv\/index.php?rest_route=%2Fwp%2Fv2%2Fmedia&parent=46036"}],"wp:term":[{"taxonomy":"category","embeddable":true,"href":"https:\/\/cnctulua.tv\/index.php?rest_route=%2Fwp%2Fv2%2Fcategories&post=46036"},{"taxonomy":"post_tag","embeddable":true,"href":"https:\/\/cnctulua.tv\/index.php?rest_route=%2Fwp%2Fv2%2Ftags&post=46036"}],"curies":[{"name":"wp","href":"https:\/\/api.w.org\/{rel}","templated":true}]}}