{"id":46062,"date":"2026-04-29T21:18:47","date_gmt":"2026-04-29T21:18:47","guid":{"rendered":"https:\/\/cnctulua.tv\/?p=46062"},"modified":"2026-04-29T21:18:47","modified_gmt":"2026-04-29T21:18:47","slug":"historias-de-vida-y-esperanza-en-el-barrio-obrero-en-cali","status":"publish","type":"post","link":"https:\/\/cnctulua.tv\/?p=46062","title":{"rendered":"Historias de vida y esperanza en el barrio Obrero en Cali."},"content":{"rendered":"\n<p>El barrio Obrero de Cali vive un proceso de transformaci\u00f3n que no solo se evidencia en su infraestructura, sino tambi\u00e9n en la vida y las historias de sus habitantes.<\/p>\n\n\n\n<figure class=\"wp-block-embed is-type-video is-provider-youtube wp-block-embed-youtube wp-embed-aspect-16-9 wp-has-aspect-ratio\"><div class=\"wp-block-embed__wrapper\">\n<iframe loading=\"lazy\" title=\"\ud83c\udfd9\ufe0f\ud83d\udde3\ufe0f Historias que transforman un barrio tradicional.\" width=\"640\" height=\"360\" src=\"https:\/\/www.youtube.com\/embed\/s_zlVTnSdIw?feature=oembed\" frameborder=\"0\" allow=\"accelerometer; autoplay; clipboard-write; encrypted-media; gyroscope; picture-in-picture; web-share\" referrerpolicy=\"strict-origin-when-cross-origin\" allowfullscreen><\/iframe>\n<\/div><\/figure>\n\n\n\n<p>Testimonios como los de \u00c1lvaro Sarria, Pedro Antonio Perlaza y Alba Miranda reflejan la memoria, la resiliencia y el sentido de pertenencia de una comunidad que ha construido su identidad a lo largo de los a\u00f1os.<\/p>\n\n\n\n<p>Los habitantes destacan que los cambios han fortalecido la convivencia, la tranquilidad y el reencuentro entre vecinos, permitiendo recuperar los espacios del sector.<\/p>\n\n\n\n<p>La comunidad tambi\u00e9n reconoce el trabajo de la Administraci\u00f3n Distrital, se\u00f1alando que estas intervenciones representan oportunidades reales de progreso y bienestar.<\/p>\n","protected":false},"excerpt":{"rendered":"<p>El barrio Obrero de Cali vive un proceso de transformaci\u00f3n que no solo se evidencia en su infraestructura, sino tambi\u00e9n en la vida y las historias de sus habitantes. Testimonios como los de \u00c1lvaro Sarria, Pedro Antonio Perlaza y Alba Miranda reflejan la memoria, la resiliencia y el sentido de pertenencia de una comunidad que [&hellip;]<\/p>\n","protected":false},"author":3,"featured_media":46063,"comment_status":"open","ping_status":"open","sticky":false,"template":"","format":"video","meta":{"footnotes":""},"categories":[10,1515],"tags":[],"class_list":["post-46062","post","type-post","status-publish","format-video","has-post-thumbnail","hentry","category-cnc-noticias-tulua","category-cnc-tulua","post_format-post-format-video"],"_links":{"self":[{"href":"https:\/\/cnctulua.tv\/index.php?rest_route=\/wp\/v2\/posts\/46062","targetHints":{"allow":["GET"]}}],"collection":[{"href":"https:\/\/cnctulua.tv\/index.php?rest_route=\/wp\/v2\/posts"}],"about":[{"href":"https:\/\/cnctulua.tv\/index.php?rest_route=\/wp\/v2\/types\/post"}],"author":[{"embeddable":true,"href":"https:\/\/cnctulua.tv\/index.php?rest_route=\/wp\/v2\/users\/3"}],"replies":[{"embeddable":true,"href":"https:\/\/cnctulua.tv\/index.php?rest_route=%2Fwp%2Fv2%2Fcomments&post=46062"}],"version-history":[{"count":1,"href":"https:\/\/cnctulua.tv\/index.php?rest_route=\/wp\/v2\/posts\/46062\/revisions"}],"predecessor-version":[{"id":46065,"href":"https:\/\/cnctulua.tv\/index.php?rest_route=\/wp\/v2\/posts\/46062\/revisions\/46065"}],"wp:featuredmedia":[{"embeddable":true,"href":"https:\/\/cnctulua.tv\/index.php?rest_route=\/wp\/v2\/media\/46063"}],"wp:attachment":[{"href":"https:\/\/cnctulua.tv\/index.php?rest_route=%2Fwp%2Fv2%2Fmedia&parent=46062"}],"wp:term":[{"taxonomy":"category","embeddable":true,"href":"https:\/\/cnctulua.tv\/index.php?rest_route=%2Fwp%2Fv2%2Fcategories&post=46062"},{"taxonomy":"post_tag","embeddable":true,"href":"https:\/\/cnctulua.tv\/index.php?rest_route=%2Fwp%2Fv2%2Ftags&post=46062"}],"curies":[{"name":"wp","href":"https:\/\/api.w.org\/{rel}","templated":true}]}}