{"id":46068,"date":"2026-04-29T21:31:51","date_gmt":"2026-04-29T21:31:51","guid":{"rendered":"https:\/\/cnctulua.tv\/?p=46068"},"modified":"2026-04-29T21:31:51","modified_gmt":"2026-04-29T21:31:51","slug":"operacion-del-nuevo-embarcadero-de-buenaventura-sera-participativa","status":"publish","type":"post","link":"https:\/\/cnctulua.tv\/?p=46068","title":{"rendered":"Operaci\u00f3n del nuevo embarcadero de Buenaventura ser\u00e1 participativa."},"content":{"rendered":"\n<p>El nuevo embarcadero tur\u00edstico de Buenaventura avanza en su proceso de socializaci\u00f3n con la participaci\u00f3n de comunidades, transportadores mar\u00edtimos y empresarios del sector turismo.<\/p>\n\n\n\n<p><\/p>\n\n\n\n<figure class=\"wp-block-embed is-type-video is-provider-youtube wp-block-embed-youtube wp-embed-aspect-16-9 wp-has-aspect-ratio\"><div class=\"wp-block-embed__wrapper\">\n<iframe loading=\"lazy\" title=\"\u2693\ud83e\udd1d Embarcadero tendr\u00e1 gesti\u00f3n participativa en Buenaventura\" width=\"640\" height=\"360\" src=\"https:\/\/www.youtube.com\/embed\/lD976DF8P2w?feature=oembed\" frameborder=\"0\" allow=\"accelerometer; autoplay; clipboard-write; encrypted-media; gyroscope; picture-in-picture; web-share\" referrerpolicy=\"strict-origin-when-cross-origin\" allowfullscreen><\/iframe>\n<\/div><\/figure>\n\n\n\n<p>En una reuni\u00f3n de seguimiento, la Gobernadora del Valle del Cauca, Dilian Francisca Toro, explic\u00f3 que la operaci\u00f3n del muelle se desarrollar\u00e1 bajo un modelo de alianza p\u00fablico\u2013comunitaria y empresarial.<\/p>\n\n\n\n<p>La obra busca recuperar una infraestructura que estuvo en riesgo de cierre y fortalecer la seguridad y el desarrollo tur\u00edstico de la regi\u00f3n.<\/p>\n\n\n\n<p>La mandataria tambi\u00e9n desminti\u00f3 informaci\u00f3n que circula en algunos documentos sobre su participaci\u00f3n en una sociedad relacionada con el proyecto, se\u00f1alando que cuenta con certificaci\u00f3n oficial que lo desmiente.<\/p>\n","protected":false},"excerpt":{"rendered":"<p>El nuevo embarcadero tur\u00edstico de Buenaventura avanza en su proceso de socializaci\u00f3n con la participaci\u00f3n de comunidades, transportadores mar\u00edtimos y empresarios del sector turismo. En una reuni\u00f3n de seguimiento, la Gobernadora del Valle del Cauca, Dilian Francisca Toro, explic\u00f3 que la operaci\u00f3n del muelle se desarrollar\u00e1 bajo un modelo de alianza p\u00fablico\u2013comunitaria y empresarial. La [&hellip;]<\/p>\n","protected":false},"author":3,"featured_media":46069,"comment_status":"open","ping_status":"open","sticky":false,"template":"","format":"video","meta":{"footnotes":""},"categories":[10,1515],"tags":[],"class_list":["post-46068","post","type-post","status-publish","format-video","has-post-thumbnail","hentry","category-cnc-noticias-tulua","category-cnc-tulua","post_format-post-format-video"],"_links":{"self":[{"href":"https:\/\/cnctulua.tv\/index.php?rest_route=\/wp\/v2\/posts\/46068","targetHints":{"allow":["GET"]}}],"collection":[{"href":"https:\/\/cnctulua.tv\/index.php?rest_route=\/wp\/v2\/posts"}],"about":[{"href":"https:\/\/cnctulua.tv\/index.php?rest_route=\/wp\/v2\/types\/post"}],"author":[{"embeddable":true,"href":"https:\/\/cnctulua.tv\/index.php?rest_route=\/wp\/v2\/users\/3"}],"replies":[{"embeddable":true,"href":"https:\/\/cnctulua.tv\/index.php?rest_route=%2Fwp%2Fv2%2Fcomments&post=46068"}],"version-history":[{"count":1,"href":"https:\/\/cnctulua.tv\/index.php?rest_route=\/wp\/v2\/posts\/46068\/revisions"}],"predecessor-version":[{"id":46070,"href":"https:\/\/cnctulua.tv\/index.php?rest_route=\/wp\/v2\/posts\/46068\/revisions\/46070"}],"wp:featuredmedia":[{"embeddable":true,"href":"https:\/\/cnctulua.tv\/index.php?rest_route=\/wp\/v2\/media\/46069"}],"wp:attachment":[{"href":"https:\/\/cnctulua.tv\/index.php?rest_route=%2Fwp%2Fv2%2Fmedia&parent=46068"}],"wp:term":[{"taxonomy":"category","embeddable":true,"href":"https:\/\/cnctulua.tv\/index.php?rest_route=%2Fwp%2Fv2%2Fcategories&post=46068"},{"taxonomy":"post_tag","embeddable":true,"href":"https:\/\/cnctulua.tv\/index.php?rest_route=%2Fwp%2Fv2%2Ftags&post=46068"}],"curies":[{"name":"wp","href":"https:\/\/api.w.org\/{rel}","templated":true}]}}