{"id":46096,"date":"2026-04-30T17:07:07","date_gmt":"2026-04-30T17:07:07","guid":{"rendered":"https:\/\/cnctulua.tv\/?p=46096"},"modified":"2026-04-30T17:07:07","modified_gmt":"2026-04-30T17:07:07","slug":"papa-leon-pide-paz-para-colombia-ante-ola-de-violencia","status":"publish","type":"post","link":"https:\/\/cnctulua.tv\/?p=46096","title":{"rendered":"Papa Le\u00f3n pide paz para Colombia ante ola de violencia."},"content":{"rendered":"\n<p>El Papa Le\u00f3n se pronunci\u00f3 sobre la creciente violencia en el suroccidente de Colombia, especialmente en Valle del Cauca y Cauca.<\/p>\n\n\n\n<figure class=\"wp-block-embed is-type-video is-provider-youtube wp-block-embed-youtube wp-embed-aspect-16-9 wp-has-aspect-ratio\"><div class=\"wp-block-embed__wrapper\">\n<iframe loading=\"lazy\" title=\"\ud83d\ude4f Papa Le\u00f3n pide paz para Colombia ante ola de violencia.\" width=\"640\" height=\"360\" src=\"https:\/\/www.youtube.com\/embed\/mvUf-SQmLKU?feature=oembed\" frameborder=\"0\" allow=\"accelerometer; autoplay; clipboard-write; encrypted-media; gyroscope; picture-in-picture; web-share\" referrerpolicy=\"strict-origin-when-cross-origin\" allowfullscreen><\/iframe>\n<\/div><\/figure>\n\n\n\n<p>Durante su audiencia general en el Vaticano, expres\u00f3 su dolor por las v\u00edctimas y pidi\u00f3 rechazar la violencia, invitando a construir caminos de paz.<\/p>\n\n\n\n<p>Su mensaje se suma a los llamados nacionales e internacionales que buscan frenar la crisis de orden p\u00fablico y promover la reconciliaci\u00f3n.<\/p>\n","protected":false},"excerpt":{"rendered":"<p>El Papa Le\u00f3n se pronunci\u00f3 sobre la creciente violencia en el suroccidente de Colombia, especialmente en Valle del Cauca y Cauca. Durante su audiencia general en el Vaticano, expres\u00f3 su dolor por las v\u00edctimas y pidi\u00f3 rechazar la violencia, invitando a construir caminos de paz. Su mensaje se suma a los llamados nacionales e internacionales [&hellip;]<\/p>\n","protected":false},"author":3,"featured_media":46103,"comment_status":"open","ping_status":"open","sticky":false,"template":"","format":"video","meta":{"footnotes":""},"categories":[10,1515,1],"tags":[],"class_list":["post-46096","post","type-post","status-publish","format-video","has-post-thumbnail","hentry","category-cnc-noticias-tulua","category-cnc-tulua","category-uncategorized","post_format-post-format-video"],"_links":{"self":[{"href":"https:\/\/cnctulua.tv\/index.php?rest_route=\/wp\/v2\/posts\/46096","targetHints":{"allow":["GET"]}}],"collection":[{"href":"https:\/\/cnctulua.tv\/index.php?rest_route=\/wp\/v2\/posts"}],"about":[{"href":"https:\/\/cnctulua.tv\/index.php?rest_route=\/wp\/v2\/types\/post"}],"author":[{"embeddable":true,"href":"https:\/\/cnctulua.tv\/index.php?rest_route=\/wp\/v2\/users\/3"}],"replies":[{"embeddable":true,"href":"https:\/\/cnctulua.tv\/index.php?rest_route=%2Fwp%2Fv2%2Fcomments&post=46096"}],"version-history":[{"count":1,"href":"https:\/\/cnctulua.tv\/index.php?rest_route=\/wp\/v2\/posts\/46096\/revisions"}],"predecessor-version":[{"id":46104,"href":"https:\/\/cnctulua.tv\/index.php?rest_route=\/wp\/v2\/posts\/46096\/revisions\/46104"}],"wp:featuredmedia":[{"embeddable":true,"href":"https:\/\/cnctulua.tv\/index.php?rest_route=\/wp\/v2\/media\/46103"}],"wp:attachment":[{"href":"https:\/\/cnctulua.tv\/index.php?rest_route=%2Fwp%2Fv2%2Fmedia&parent=46096"}],"wp:term":[{"taxonomy":"category","embeddable":true,"href":"https:\/\/cnctulua.tv\/index.php?rest_route=%2Fwp%2Fv2%2Fcategories&post=46096"},{"taxonomy":"post_tag","embeddable":true,"href":"https:\/\/cnctulua.tv\/index.php?rest_route=%2Fwp%2Fv2%2Ftags&post=46096"}],"curies":[{"name":"wp","href":"https:\/\/api.w.org\/{rel}","templated":true}]}}