{"id":49392,"date":"2026-07-07T17:33:01","date_gmt":"2026-07-07T17:33:01","guid":{"rendered":"https:\/\/cnctulua.tv\/?p=49392"},"modified":"2026-07-07T17:33:01","modified_gmt":"2026-07-07T17:33:01","slug":"capturan-en-pasto-a-alias-carlitos-senalado-de-liderar-extorsiones-y-homicidios-en-tulua","status":"publish","type":"post","link":"https:\/\/cnctulua.tv\/?p=49392","title":{"rendered":"Capturan en Pasto a alias \u00abCarlitos\u00bb, se\u00f1alado de liderar extorsiones y homicidios en Tulu\u00e1."},"content":{"rendered":"\n<p class=\"wp-block-paragraph\">Juan Carlos S\u00e1nchez Cardona, alias \u00abCarlitos\u00bb, fue capturado mediante orden judicial en el barrio El Madrigal, en Pasto, Nari\u00f1o. El hombre es requerido por los delitos de secuestro, extorsi\u00f3n y homicidio agravado.<\/p>\n\n\n\n<figure class=\"wp-block-embed is-type-video is-provider-youtube wp-block-embed-youtube wp-embed-aspect-16-9 wp-has-aspect-ratio\"><div class=\"wp-block-embed__wrapper\">\n<iframe loading=\"lazy\" title=\"\ud83d\ude94\u2696\ufe0fCapturado alias &quot;Carlitos&quot;, se\u00f1alado de integrar las redes de apoyo del Frente 57.\" width=\"640\" height=\"360\" src=\"https:\/\/www.youtube.com\/embed\/3g7aqpgKw6o?feature=oembed\" frameborder=\"0\" allow=\"accelerometer; autoplay; clipboard-write; encrypted-media; gyroscope; picture-in-picture; web-share\" referrerpolicy=\"strict-origin-when-cross-origin\" allowfullscreen><\/iframe>\n<\/div><\/figure>\n\n\n\n<p class=\"wp-block-paragraph\">De acuerdo con las investigaciones, el capturado ser\u00eda el presunto tercer cabecilla de las redes de apoyo de la estructura residual Frente 57 y habr\u00eda desarrollado su actividad delictiva principalmente en la zona rural de Tulu\u00e1.<\/p>\n\n\n\n<p class=\"wp-block-paragraph\">Las autoridades lo se\u00f1alan de, presuntamente, coordinar cobros extorsivos, secuestros selectivos y homicidios, as\u00ed como de administrar recursos il\u00edcitos para esa estructura armada ilegal.<\/p>\n\n\n\n<p class=\"wp-block-paragraph\">Las labores de inteligencia permitieron establecer sus desplazamientos hacia el municipio de Pasto, donde fue ubicado y capturado en cumplimiento de una orden judicial.<\/p>\n\n\n\n<p class=\"wp-block-paragraph\">Seg\u00fan el proceso investigativo, alias \u00abCarlitos\u00bb tambi\u00e9n es vinculado a varios hechos violentos ocurridos este a\u00f1o en zona rural de Tulu\u00e1, entre ellos el homicidio de una pareja de comerciantes en la vereda La Moralia y el asesinato de otras dos personas en el corregimiento La Marina, hechos que contin\u00faan siendo materia de investigaci\u00f3n.<\/p>\n\n\n\n<p class=\"wp-block-paragraph\">Tras su captura, fue puesto a disposici\u00f3n de la autoridad competente para responder por los delitos que se le atribuyen.<\/p>\n","protected":false},"excerpt":{"rendered":"<p>Juan Carlos S\u00e1nchez Cardona, alias \u00abCarlitos\u00bb, fue capturado mediante orden judicial en el barrio El Madrigal, en Pasto, Nari\u00f1o. El hombre es requerido por los delitos de secuestro, extorsi\u00f3n y homicidio agravado. De acuerdo con las investigaciones, el capturado ser\u00eda el presunto tercer cabecilla de las redes de apoyo de la estructura residual Frente 57 [&hellip;]<\/p>\n","protected":false},"author":3,"featured_media":49411,"comment_status":"open","ping_status":"open","sticky":false,"template":"","format":"video","meta":{"footnotes":""},"categories":[10,1515,1],"tags":[],"class_list":["post-49392","post","type-post","status-publish","format-video","has-post-thumbnail","hentry","category-cnc-noticias-tulua","category-cnc-tulua","category-uncategorized","post_format-post-format-video"],"_links":{"self":[{"href":"https:\/\/cnctulua.tv\/index.php?rest_route=\/wp\/v2\/posts\/49392","targetHints":{"allow":["GET"]}}],"collection":[{"href":"https:\/\/cnctulua.tv\/index.php?rest_route=\/wp\/v2\/posts"}],"about":[{"href":"https:\/\/cnctulua.tv\/index.php?rest_route=\/wp\/v2\/types\/post"}],"author":[{"embeddable":true,"href":"https:\/\/cnctulua.tv\/index.php?rest_route=\/wp\/v2\/users\/3"}],"replies":[{"embeddable":true,"href":"https:\/\/cnctulua.tv\/index.php?rest_route=%2Fwp%2Fv2%2Fcomments&post=49392"}],"version-history":[{"count":1,"href":"https:\/\/cnctulua.tv\/index.php?rest_route=\/wp\/v2\/posts\/49392\/revisions"}],"predecessor-version":[{"id":49412,"href":"https:\/\/cnctulua.tv\/index.php?rest_route=\/wp\/v2\/posts\/49392\/revisions\/49412"}],"wp:featuredmedia":[{"embeddable":true,"href":"https:\/\/cnctulua.tv\/index.php?rest_route=\/wp\/v2\/media\/49411"}],"wp:attachment":[{"href":"https:\/\/cnctulua.tv\/index.php?rest_route=%2Fwp%2Fv2%2Fmedia&parent=49392"}],"wp:term":[{"taxonomy":"category","embeddable":true,"href":"https:\/\/cnctulua.tv\/index.php?rest_route=%2Fwp%2Fv2%2Fcategories&post=49392"},{"taxonomy":"post_tag","embeddable":true,"href":"https:\/\/cnctulua.tv\/index.php?rest_route=%2Fwp%2Fv2%2Ftags&post=49392"}],"curies":[{"name":"wp","href":"https:\/\/api.w.org\/{rel}","templated":true}]}}