{"id":49804,"date":"2026-07-17T17:45:18","date_gmt":"2026-07-17T17:45:18","guid":{"rendered":"https:\/\/cnctulua.tv\/?p=49804"},"modified":"2026-07-17T17:45:18","modified_gmt":"2026-07-17T17:45:18","slug":"capturan-en-palmira-a-alias-rios-senalado-sucesor-criminal-de-alias-vidal","status":"publish","type":"post","link":"https:\/\/cnctulua.tv\/?p=49804","title":{"rendered":"Capturan en Palmira a alias \u00abR\u00edos\u00bb, se\u00f1alado sucesor criminal de alias \u00abVidal\u00bb"},"content":{"rendered":"\n<p class=\"wp-block-paragraph\">En una nueva ofensiva contra las estructuras del crimen organizado, la Polic\u00eda Nacional captur\u00f3 en Palmira a <strong>Sebasti\u00e1n R\u00edos Herrera<\/strong>, conocido con el alias de <strong>\u201cR\u00edos\u201d<\/strong>, se\u00f1alado de integrar el grupo delincuencial <strong>\u201cLos del 20\u201d<\/strong> y de asumir el liderazgo criminal tras la salida de alias <strong>\u201cVidal\u201d<\/strong>.<\/p>\n\n\n\n<p class=\"wp-block-paragraph\">La captura se realiz\u00f3 durante un allanamiento en el barrio Buenos Aires, comuna 5 del municipio, en una operaci\u00f3n adelantada por el Departamento de Polic\u00eda Valle, la Seccional de Investigaci\u00f3n Criminal (SIJIN), el Modelo del Servicio de Polic\u00eda Orientado a las Personas y los Territorios (MSPOT), el Grupo de Operaciones Especiales (GOES) y el Cuerpo T\u00e9cnico de Investigaci\u00f3n (CTI) de la Fiscal\u00eda General de la Naci\u00f3n.<\/p>\n\n\n\n<p class=\"wp-block-paragraph\">De acuerdo con las autoridades, alias \u201cR\u00edos\u201d ten\u00eda una orden de captura vigente por el delito de concierto para delinquir con fines de homicidio y ser\u00eda uno de los principales dinamizadores del tr\u00e1fico local de estupefacientes y otras actividades ilegales en Palmira.<\/p>\n\n\n\n<figure class=\"wp-block-embed is-type-video is-provider-youtube wp-block-embed-youtube wp-embed-aspect-16-9 wp-has-aspect-ratio\"><div class=\"wp-block-embed__wrapper\">\nhttps:\/\/youtu.be\/COQ3GRzP5vU\n<\/div><\/figure>\n\n\n\n<p class=\"wp-block-paragraph\">Durante el procedimiento fueron incautados dos rev\u00f3lveres calibre 38, doce cartuchos, 50 dosis de coca\u00edna, dos dosis de 2CB, un frasco de ketamina y siete talonarios utilizados, presuntamente, para el recaudo de dinero mediante la modalidad ilegal conocida como <strong>\u201cgota a gota\u201d<\/strong>.<\/p>\n\n\n\n<p class=\"wp-block-paragraph\">El comandante del Distrito Especial de Polic\u00eda Palmira, teniente coronel Edinson Aux Mora, asegur\u00f3 que este resultado representa un importante golpe contra las rentas del crimen organizado y hace parte de la estrategia para debilitar las estructuras delincuenciales que afectan la seguridad ciudadana.<\/p>\n\n\n\n<p class=\"wp-block-paragraph\">En las audiencias preliminares, la Fiscal\u00eda le imput\u00f3 los delitos de fabricaci\u00f3n, tr\u00e1fico, porte o tenencia de armas de fuego y tr\u00e1fico, fabricaci\u00f3n o porte de estupefacientes. Posteriormente, un juez de la Rep\u00fablica le impuso medida de aseguramiento privativa de la libertad en establecimiento carcelario. La Polic\u00eda Nacional reiter\u00f3 que continuar\u00e1 adelantando acciones investigativas y operativas para combatir el microtr\u00e1fico y dem\u00e1s actividades criminales que afectan la tranquilidad de los habitantes del Valle del Cauca.<\/p>\n\n\n\n<figure class=\"wp-block-video\"><\/figure>\n","protected":false},"excerpt":{"rendered":"<p>En una nueva ofensiva contra las estructuras del crimen organizado, la Polic\u00eda Nacional captur\u00f3 en Palmira a Sebasti\u00e1n R\u00edos Herrera, conocido con el alias de \u201cR\u00edos\u201d, se\u00f1alado de integrar el grupo delincuencial \u201cLos del 20\u201d y de asumir el liderazgo criminal tras la salida de alias \u201cVidal\u201d. La captura se realiz\u00f3 durante un allanamiento en [&hellip;]<\/p>\n","protected":false},"author":3,"featured_media":49805,"comment_status":"open","ping_status":"open","sticky":false,"template":"","format":"video","meta":{"footnotes":""},"categories":[10,1515],"tags":[],"class_list":["post-49804","post","type-post","status-publish","format-video","has-post-thumbnail","hentry","category-cnc-noticias-tulua","category-cnc-tulua","post_format-post-format-video"],"_links":{"self":[{"href":"https:\/\/cnctulua.tv\/index.php?rest_route=\/wp\/v2\/posts\/49804","targetHints":{"allow":["GET"]}}],"collection":[{"href":"https:\/\/cnctulua.tv\/index.php?rest_route=\/wp\/v2\/posts"}],"about":[{"href":"https:\/\/cnctulua.tv\/index.php?rest_route=\/wp\/v2\/types\/post"}],"author":[{"embeddable":true,"href":"https:\/\/cnctulua.tv\/index.php?rest_route=\/wp\/v2\/users\/3"}],"replies":[{"embeddable":true,"href":"https:\/\/cnctulua.tv\/index.php?rest_route=%2Fwp%2Fv2%2Fcomments&post=49804"}],"version-history":[{"count":1,"href":"https:\/\/cnctulua.tv\/index.php?rest_route=\/wp\/v2\/posts\/49804\/revisions"}],"predecessor-version":[{"id":49806,"href":"https:\/\/cnctulua.tv\/index.php?rest_route=\/wp\/v2\/posts\/49804\/revisions\/49806"}],"wp:featuredmedia":[{"embeddable":true,"href":"https:\/\/cnctulua.tv\/index.php?rest_route=\/wp\/v2\/media\/49805"}],"wp:attachment":[{"href":"https:\/\/cnctulua.tv\/index.php?rest_route=%2Fwp%2Fv2%2Fmedia&parent=49804"}],"wp:term":[{"taxonomy":"category","embeddable":true,"href":"https:\/\/cnctulua.tv\/index.php?rest_route=%2Fwp%2Fv2%2Fcategories&post=49804"},{"taxonomy":"post_tag","embeddable":true,"href":"https:\/\/cnctulua.tv\/index.php?rest_route=%2Fwp%2Fv2%2Ftags&post=49804"}],"curies":[{"name":"wp","href":"https:\/\/api.w.org\/{rel}","templated":true}]}}