{"id":49816,"date":"2026-07-17T19:05:37","date_gmt":"2026-07-17T19:05:37","guid":{"rendered":"https:\/\/cnctulua.tv\/?p=49816"},"modified":"2026-07-17T19:05:37","modified_gmt":"2026-07-17T19:05:37","slug":"diez-nuevos-tecnicos-se-certificaron-mediante-educacion-dual-en-bugalagrande","status":"publish","type":"post","link":"https:\/\/cnctulua.tv\/?p=49816","title":{"rendered":"Diez nuevos t\u00e9cnicos se certificaron mediante educaci\u00f3n dual en Bugalagrande"},"content":{"rendered":"\n<h2 class=\"wp-block-heading\">Diez ciudadanos de Bugalagrande, Andaluc\u00eda y otros municipios del centro del Valle del Cauca recibieron su certificaci\u00f3n como t\u00e9cnicos laborales en auxiliar administrativo, tras culminar un proceso de formaci\u00f3n bajo la modalidad de educaci\u00f3n dual.<\/h2>\n\n\n\n<p class=\"wp-block-paragraph\">La ceremonia se realiz\u00f3 en la Estaci\u00f3n del Ferrocarril de Bugalagrande y reuni\u00f3 a representantes del sector empresarial, autoridades locales y departamentales, adem\u00e1s de familiares de los graduandos.<\/p>\n\n\n\n<p class=\"wp-block-paragraph\">Seg\u00fan Catalina Mac\u00edas, gerente de Sostenibilidad de Nestl\u00e9 Colombia, este modelo, implementado desde 2019, combina el aprendizaje en el aula con la experiencia pr\u00e1ctica en la empresa, permitiendo que los estudiantes desarrollen competencias para facilitar su ingreso al mercado laboral.<\/p>\n\n\n\n<figure class=\"wp-block-embed is-type-video is-provider-youtube wp-block-embed-youtube wp-embed-aspect-4-3 wp-has-aspect-ratio\"><div class=\"wp-block-embed__wrapper\">\n<iframe loading=\"lazy\" title=\"\ud83c\udf93 Diez nuevos t\u00e9cnicos se certificaron con educaci\u00f3n dual en Bugalagrande\" width=\"640\" height=\"360\" src=\"https:\/\/www.youtube.com\/embed\/Kr7OtBd-rAc?feature=oembed\" frameborder=\"0\" allow=\"accelerometer; autoplay; clipboard-write; encrypted-media; gyroscope; picture-in-picture; web-share\" referrerpolicy=\"strict-origin-when-cross-origin\" allowfullscreen><\/iframe>\n<\/div><\/figure>\n\n\n\n<p class=\"wp-block-paragraph\">Durante el acto tambi\u00e9n se destac\u00f3 la importancia de continuar fortaleciendo alianzas entre las instituciones educativas, el sector privado y las administraciones p\u00fablicas para generar m\u00e1s oportunidades de formaci\u00f3n y empleo en la regi\u00f3n.<\/p>\n\n\n\n<p class=\"wp-block-paragraph\">La jornada cont\u00f3 con la presencia del alcalde de Bugalagrande, el secretario de Desarrollo Econ\u00f3mico del Valle del Cauca y representantes de las entidades que acompa\u00f1an este proceso de formaci\u00f3n.<\/p>\n\n\n\n<figure class=\"wp-block-video\"><\/figure>\n","protected":false},"excerpt":{"rendered":"<p>Diez ciudadanos de Bugalagrande, Andaluc\u00eda y otros municipios del centro del Valle del Cauca recibieron su certificaci\u00f3n como t\u00e9cnicos laborales en auxiliar administrativo, tras culminar un proceso de formaci\u00f3n bajo la modalidad de educaci\u00f3n dual. La ceremonia se realiz\u00f3 en la Estaci\u00f3n del Ferrocarril de Bugalagrande y reuni\u00f3 a representantes del sector empresarial, autoridades locales [&hellip;]<\/p>\n","protected":false},"author":3,"featured_media":49828,"comment_status":"open","ping_status":"open","sticky":false,"template":"","format":"video","meta":{"footnotes":""},"categories":[1],"tags":[],"class_list":["post-49816","post","type-post","status-publish","format-video","has-post-thumbnail","hentry","category-uncategorized","post_format-post-format-video"],"_links":{"self":[{"href":"https:\/\/cnctulua.tv\/index.php?rest_route=\/wp\/v2\/posts\/49816","targetHints":{"allow":["GET"]}}],"collection":[{"href":"https:\/\/cnctulua.tv\/index.php?rest_route=\/wp\/v2\/posts"}],"about":[{"href":"https:\/\/cnctulua.tv\/index.php?rest_route=\/wp\/v2\/types\/post"}],"author":[{"embeddable":true,"href":"https:\/\/cnctulua.tv\/index.php?rest_route=\/wp\/v2\/users\/3"}],"replies":[{"embeddable":true,"href":"https:\/\/cnctulua.tv\/index.php?rest_route=%2Fwp%2Fv2%2Fcomments&post=49816"}],"version-history":[{"count":2,"href":"https:\/\/cnctulua.tv\/index.php?rest_route=\/wp\/v2\/posts\/49816\/revisions"}],"predecessor-version":[{"id":49829,"href":"https:\/\/cnctulua.tv\/index.php?rest_route=\/wp\/v2\/posts\/49816\/revisions\/49829"}],"wp:featuredmedia":[{"embeddable":true,"href":"https:\/\/cnctulua.tv\/index.php?rest_route=\/wp\/v2\/media\/49828"}],"wp:attachment":[{"href":"https:\/\/cnctulua.tv\/index.php?rest_route=%2Fwp%2Fv2%2Fmedia&parent=49816"}],"wp:term":[{"taxonomy":"category","embeddable":true,"href":"https:\/\/cnctulua.tv\/index.php?rest_route=%2Fwp%2Fv2%2Fcategories&post=49816"},{"taxonomy":"post_tag","embeddable":true,"href":"https:\/\/cnctulua.tv\/index.php?rest_route=%2Fwp%2Fv2%2Ftags&post=49816"}],"curies":[{"name":"wp","href":"https:\/\/api.w.org\/{rel}","templated":true}]}}