{"id":49818,"date":"2026-07-17T19:01:47","date_gmt":"2026-07-17T19:01:47","guid":{"rendered":"https:\/\/cnctulua.tv\/?p=49818"},"modified":"2026-07-17T19:01:47","modified_gmt":"2026-07-17T19:01:47","slug":"tulua-sera-sede-de-la-feria-inmobiliaria-centro-y-norte-vallecaucana","status":"publish","type":"post","link":"https:\/\/cnctulua.tv\/?p=49818","title":{"rendered":"Tulu\u00e1 ser\u00e1 sede de la Feria Inmobiliaria Centro y Norte Vallecaucana"},"content":{"rendered":"\n<h2 class=\"wp-block-heading\">La Lonja de Propiedad Ra\u00edz de Tulu\u00e1 realizar\u00e1 los pr\u00f3ximos <strong>24, 25 y 26 de julio<\/strong> la d\u00e9cima tercera Feria Inmobiliaria Centro y Norte Vallecaucana, un evento que reunir\u00e1 proyectos de vivienda, lotes urbanos y rurales dirigidos a quienes buscan adquirir casa propia o realizar inversiones en bienes ra\u00edces.<\/h2>\n\n\n\n<p class=\"wp-block-paragraph\">Durante la feria participar\u00e1n constructoras, empresas del sector inmobiliario y entidades aliadas que presentar\u00e1n diferentes alternativas habitacionales y brindar\u00e1n asesor\u00eda especializada sobre compra, financiaci\u00f3n e inversi\u00f3n.<\/p>\n\n\n\n<figure class=\"wp-block-embed is-type-video is-provider-youtube wp-block-embed-youtube wp-embed-aspect-16-9 wp-has-aspect-ratio\"><div class=\"wp-block-embed__wrapper\">\n<iframe loading=\"lazy\" title=\"\ud83c\udfe1 Tulu\u00e1 ser\u00e1 sede de la XIII Feria Inmobiliaria Centro y Norte Vallecaucana\" width=\"640\" height=\"360\" src=\"https:\/\/www.youtube.com\/embed\/V0ZXHBusWzM?feature=oembed\" frameborder=\"0\" allow=\"accelerometer; autoplay; clipboard-write; encrypted-media; gyroscope; picture-in-picture; web-share\" referrerpolicy=\"strict-origin-when-cross-origin\" allowfullscreen><\/iframe>\n<\/div><\/figure>\n\n\n\n<p class=\"wp-block-paragraph\">El evento tambi\u00e9n contar\u00e1 con la presencia de las cajas de compensaci\u00f3n familiar, que ofrecer\u00e1n informaci\u00f3n sobre subsidios, programas y beneficios para facilitar el acceso a vivienda.<\/p>\n\n\n\n<p class=\"wp-block-paragraph\">La iniciativa busca fortalecer el sector inmobiliario de la regi\u00f3n, generar oportunidades de inversi\u00f3n y acercar la oferta de proyectos a las familias del centro y norte del Valle del Cauca.<\/p>\n\n\n\n<figure class=\"wp-block-video\"><\/figure>\n","protected":false},"excerpt":{"rendered":"<p>La Lonja de Propiedad Ra\u00edz de Tulu\u00e1 realizar\u00e1 los pr\u00f3ximos 24, 25 y 26 de julio la d\u00e9cima tercera Feria Inmobiliaria Centro y Norte Vallecaucana, un evento que reunir\u00e1 proyectos de vivienda, lotes urbanos y rurales dirigidos a quienes buscan adquirir casa propia o realizar inversiones en bienes ra\u00edces. Durante la feria participar\u00e1n constructoras, empresas [&hellip;]<\/p>\n","protected":false},"author":3,"featured_media":49827,"comment_status":"open","ping_status":"open","sticky":false,"template":"","format":"video","meta":{"footnotes":""},"categories":[10,1515],"tags":[],"class_list":["post-49818","post","type-post","status-publish","format-video","has-post-thumbnail","hentry","category-cnc-noticias-tulua","category-cnc-tulua","post_format-post-format-video"],"_links":{"self":[{"href":"https:\/\/cnctulua.tv\/index.php?rest_route=\/wp\/v2\/posts\/49818","targetHints":{"allow":["GET"]}}],"collection":[{"href":"https:\/\/cnctulua.tv\/index.php?rest_route=\/wp\/v2\/posts"}],"about":[{"href":"https:\/\/cnctulua.tv\/index.php?rest_route=\/wp\/v2\/types\/post"}],"author":[{"embeddable":true,"href":"https:\/\/cnctulua.tv\/index.php?rest_route=\/wp\/v2\/users\/3"}],"replies":[{"embeddable":true,"href":"https:\/\/cnctulua.tv\/index.php?rest_route=%2Fwp%2Fv2%2Fcomments&post=49818"}],"version-history":[{"count":2,"href":"https:\/\/cnctulua.tv\/index.php?rest_route=\/wp\/v2\/posts\/49818\/revisions"}],"predecessor-version":[{"id":49825,"href":"https:\/\/cnctulua.tv\/index.php?rest_route=\/wp\/v2\/posts\/49818\/revisions\/49825"}],"wp:featuredmedia":[{"embeddable":true,"href":"https:\/\/cnctulua.tv\/index.php?rest_route=\/wp\/v2\/media\/49827"}],"wp:attachment":[{"href":"https:\/\/cnctulua.tv\/index.php?rest_route=%2Fwp%2Fv2%2Fmedia&parent=49818"}],"wp:term":[{"taxonomy":"category","embeddable":true,"href":"https:\/\/cnctulua.tv\/index.php?rest_route=%2Fwp%2Fv2%2Fcategories&post=49818"},{"taxonomy":"post_tag","embeddable":true,"href":"https:\/\/cnctulua.tv\/index.php?rest_route=%2Fwp%2Fv2%2Ftags&post=49818"}],"curies":[{"name":"wp","href":"https:\/\/api.w.org\/{rel}","templated":true}]}}