{"id":51266,"date":"2026-08-31T17:24:34","date_gmt":"2026-08-31T17:24:34","guid":{"rendered":"https:\/\/cnctulua.tv\/?p=51266"},"modified":"2026-08-31T17:24:34","modified_gmt":"2026-08-31T17:24:34","slug":"tulua-presenta-plan-de-atencion-de-emergencias-tras-el-terremoto-y-anuncia-nuevas-alternativas-para-la-recuperacion","status":"publish","type":"post","link":"https:\/\/cnctulua.tv\/?p=51266","title":{"rendered":"Tulu\u00e1 presenta Plan de Atenci\u00f3n de Emergencias tras el terremoto y anuncia nuevas alternativas para la recuperaci\u00f3n"},"content":{"rendered":"\n<p class=\"wp-block-paragraph\">La Administraci\u00f3n Municipal de Tulu\u00e1 socializ\u00f3 ante los medios de comunicaci\u00f3n el <strong>Plan de Atenci\u00f3n de Emergencias<\/strong> dise\u00f1ado para responder a las afectaciones ocasionadas por el terremoto del pasado 10 de agosto.<\/p>\n\n\n\n<p class=\"wp-block-paragraph\">La directora de la Oficina de Planeaci\u00f3n, <strong>Alexandra Cardona<\/strong>, explic\u00f3 que el plan fue aprobado por el Consejo Municipal de Gesti\u00f3n del Riesgo y establece una ruta de trabajo que contempla tres componentes: <strong>respuesta, reconstrucci\u00f3n y rehabilitaci\u00f3n<\/strong>.<\/p>\n\n\n\n<p class=\"wp-block-paragraph\">Las acciones est\u00e1n proyectadas para desarrollarse en el corto, mediano y largo plazo, de acuerdo con las necesidades identificadas durante la atenci\u00f3n de la emergencia.<\/p>\n\n\n\n<h3 class=\"wp-block-heading\">Atenci\u00f3n a las familias afectadas<\/h3>\n\n\n\n<figure class=\"wp-block-embed is-type-video is-provider-youtube wp-block-embed-youtube wp-embed-aspect-16-9 wp-has-aspect-ratio\"><div class=\"wp-block-embed__wrapper\">\n<iframe loading=\"lazy\" title=\"\ud83d\udea8 TULU\u00c1 PRESENTA PLAN DE ATENCI\u00d3N TRAS EL TERREMOTO: ESTAS SON LAS ACCIONES\" width=\"640\" height=\"360\" src=\"https:\/\/www.youtube.com\/embed\/-EjA6DjvRYQ?feature=oembed\" frameborder=\"0\" allow=\"accelerometer; autoplay; clipboard-write; encrypted-media; gyroscope; picture-in-picture; web-share\" referrerpolicy=\"strict-origin-when-cross-origin\" allowfullscreen><\/iframe>\n<\/div><\/figure>\n\n\n\n<p class=\"wp-block-paragraph\">Entre las acciones que ya se adelantan se encuentra la entrega de <strong>auxilios para alojamiento temporal<\/strong>, adem\u00e1s de las demoliciones parciales y totales de estructuras que representan alg\u00fan tipo de riesgo y el retiro de escombros.<\/p>\n\n\n\n<p class=\"wp-block-paragraph\">Estas labores cuentan con el apoyo de la Gobernaci\u00f3n del Valle del Cauca, mientras la Administraci\u00f3n Municipal contin\u00faa con el proceso de registro de las personas afectadas ante la <strong>Unidad Nacional para la Gesti\u00f3n del Riesgo de Desastres<\/strong>, tr\u00e1mite que busca facilitar la gesti\u00f3n de recursos del Gobierno Nacional.<\/p>\n\n\n\n<h3 class=\"wp-block-heading\">Administraci\u00f3n reconoce dificultades en algunas gestiones<\/h3>\n\n\n\n<p class=\"wp-block-paragraph\">Durante la socializaci\u00f3n, la Administraci\u00f3n Municipal reconoci\u00f3 que <strong>algunas de las gestiones adelantadas no han tenido el resultado esperado<\/strong>.<\/p>\n\n\n\n<p class=\"wp-block-paragraph\">Frente a este escenario, la Alcald\u00eda inform\u00f3 que trabaja en la b\u00fasqueda de alternativas t\u00e9cnicas, jur\u00eddicas y fiscales que permitan superar las dificultades y mantener la atenci\u00f3n a las comunidades afectadas.<\/p>\n\n\n\n<p class=\"wp-block-paragraph\">Este aspecto ser\u00e1 determinante para la siguiente etapa de la emergencia, teniendo en cuenta la magnitud de las afectaciones y la necesidad de recursos para atender las viviendas, infraestructura y dem\u00e1s sectores impactados por el terremoto.<\/p>\n\n\n\n<p class=\"wp-block-paragraph\">La Administraci\u00f3n se\u00f1al\u00f3 que continuar\u00e1 realizando las gestiones necesarias para garantizar la atenci\u00f3n de las familias y avanzar en la recuperaci\u00f3n del municipio.<\/p>\n\n\n\n<p class=\"wp-block-paragraph\">El reto para Tulu\u00e1 ser\u00e1 convertir las acciones planteadas en el plan en intervenciones concretas, especialmente para las familias que todav\u00eda esperan soluciones frente a los da\u00f1os ocasionados por el movimiento tel\u00farico.<\/p>\n\n\n\n<figure class=\"wp-block-video\"><\/figure>\n","protected":false},"excerpt":{"rendered":"<p>La Administraci\u00f3n Municipal de Tulu\u00e1 socializ\u00f3 ante los medios de comunicaci\u00f3n el Plan de Atenci\u00f3n de Emergencias dise\u00f1ado para responder a las afectaciones ocasionadas por el terremoto del pasado 10 de agosto. La directora de la Oficina de Planeaci\u00f3n, Alexandra Cardona, explic\u00f3 que el plan fue aprobado por el Consejo Municipal de Gesti\u00f3n del Riesgo [&hellip;]<\/p>\n","protected":false},"author":3,"featured_media":51267,"comment_status":"open","ping_status":"open","sticky":false,"template":"","format":"video","meta":{"footnotes":""},"categories":[10,1515],"tags":[],"class_list":["post-51266","post","type-post","status-publish","format-video","has-post-thumbnail","hentry","category-cnc-noticias-tulua","category-cnc-tulua","post_format-post-format-video"],"_links":{"self":[{"href":"https:\/\/cnctulua.tv\/index.php?rest_route=\/wp\/v2\/posts\/51266","targetHints":{"allow":["GET"]}}],"collection":[{"href":"https:\/\/cnctulua.tv\/index.php?rest_route=\/wp\/v2\/posts"}],"about":[{"href":"https:\/\/cnctulua.tv\/index.php?rest_route=\/wp\/v2\/types\/post"}],"author":[{"embeddable":true,"href":"https:\/\/cnctulua.tv\/index.php?rest_route=\/wp\/v2\/users\/3"}],"replies":[{"embeddable":true,"href":"https:\/\/cnctulua.tv\/index.php?rest_route=%2Fwp%2Fv2%2Fcomments&post=51266"}],"version-history":[{"count":1,"href":"https:\/\/cnctulua.tv\/index.php?rest_route=\/wp\/v2\/posts\/51266\/revisions"}],"predecessor-version":[{"id":51268,"href":"https:\/\/cnctulua.tv\/index.php?rest_route=\/wp\/v2\/posts\/51266\/revisions\/51268"}],"wp:featuredmedia":[{"embeddable":true,"href":"https:\/\/cnctulua.tv\/index.php?rest_route=\/wp\/v2\/media\/51267"}],"wp:attachment":[{"href":"https:\/\/cnctulua.tv\/index.php?rest_route=%2Fwp%2Fv2%2Fmedia&parent=51266"}],"wp:term":[{"taxonomy":"category","embeddable":true,"href":"https:\/\/cnctulua.tv\/index.php?rest_route=%2Fwp%2Fv2%2Fcategories&post=51266"},{"taxonomy":"post_tag","embeddable":true,"href":"https:\/\/cnctulua.tv\/index.php?rest_route=%2Fwp%2Fv2%2Ftags&post=51266"}],"curies":[{"name":"wp","href":"https:\/\/api.w.org\/{rel}","templated":true}]}}