{"id":51272,"date":"2026-08-31T17:28:01","date_gmt":"2026-08-31T17:28:01","guid":{"rendered":"https:\/\/cnctulua.tv\/?p=51272"},"modified":"2026-08-31T17:28:01","modified_gmt":"2026-08-31T17:28:01","slug":"retiran-dos-equinos-de-un-predio-en-tulua-uno-tenia-un-tornillo-incrustado-en-el-casco","status":"publish","type":"post","link":"https:\/\/cnctulua.tv\/?p=51272","title":{"rendered":"Retiran dos equinos de un predio en Tulu\u00e1; uno ten\u00eda un tornillo incrustado en el casco"},"content":{"rendered":"\n<p class=\"wp-block-paragraph\">Una denuncia ciudadana permiti\u00f3 la intervenci\u00f3n de la Alcald\u00eda de Tulu\u00e1, a trav\u00e9s del equipo de Bienestar Animal, en articulaci\u00f3n con la Polic\u00eda Ambiental, para retirar <strong>dos equinos encontrados en un potrero ubicado dentro de una propiedad privada<\/strong>.<\/p>\n\n\n\n<p class=\"wp-block-paragraph\">De acuerdo con la informaci\u00f3n entregada por las autoridades, los responsables del predio manifestaron que los animales no les pertenec\u00edan. Ante esta situaci\u00f3n, los equinos fueron trasladados para realizarles una valoraci\u00f3n veterinaria y establecer sus condiciones de salud.<\/p>\n\n\n\n<h3 class=\"wp-block-heading\">Uno de los equinos ten\u00eda un tornillo incrustado<\/h3>\n\n\n\n<p class=\"wp-block-paragraph\">Durante la revisi\u00f3n m\u00e9dica, los profesionales encontraron que uno de los animales presentaba una afectaci\u00f3n en una de sus patas.<\/p>\n\n\n\n<p class=\"wp-block-paragraph\">La valoraci\u00f3n permiti\u00f3 establecer que <strong>un tornillo se encontraba incrustado en el casco del equino<\/strong>, provoc\u00e1ndole dolor. El elemento fue retirado durante la atenci\u00f3n veterinaria y posteriormente se determin\u00f3 el tratamiento que deber\u00e1 recibir el animal.<\/p>\n\n\n\n<p class=\"wp-block-paragraph\">El caso gener\u00f3 la activaci\u00f3n de los procedimientos correspondientes para establecer las circunstancias en las que se produjo la lesi\u00f3n y determinar las responsabilidades a que haya lugar.<\/p>\n\n\n\n<h3 class=\"wp-block-heading\">Investigaci\u00f3n por posible maltrato animal<\/h3>\n\n\n\n<figure class=\"wp-block-embed is-type-video is-provider-youtube wp-block-embed-youtube wp-embed-aspect-16-9 wp-has-aspect-ratio\"><div class=\"wp-block-embed__wrapper\">\n<iframe loading=\"lazy\" title=\"\ud83d\udea8 HALLAN TORNILLO INCRUSTADO EN EL CASCO DE UN EQUINO DURANTE PROCEDIMIENTO EN TULU\u00c1\" width=\"640\" height=\"360\" src=\"https:\/\/www.youtube.com\/embed\/yV9ulgyUs7w?feature=oembed\" frameborder=\"0\" allow=\"accelerometer; autoplay; clipboard-write; encrypted-media; gyroscope; picture-in-picture; web-share\" referrerpolicy=\"strict-origin-when-cross-origin\" allowfullscreen><\/iframe>\n<\/div><\/figure>\n\n\n\n<p class=\"wp-block-paragraph\">Las autoridades lograron identificar al propietario del equino y el caso qued\u00f3 en conocimiento de la <strong>Inspecci\u00f3n de Convivencia y Paz<\/strong>.<\/p>\n\n\n\n<p class=\"wp-block-paragraph\">Con base en el informe elaborado por la Polic\u00eda Ambiental y los resultados de la valoraci\u00f3n veterinaria, se inici\u00f3 el tr\u00e1mite administrativo correspondiente, relacionado con el comparendo impuesto y la incautaci\u00f3n de los animales.<\/p>\n\n\n\n<p class=\"wp-block-paragraph\">De manera paralela, contin\u00faa la investigaci\u00f3n para establecer por qu\u00e9 los equinos se encontraban dentro de una propiedad que, seg\u00fan sus ocupantes, no era de su pertenencia.<\/p>\n\n\n\n<p class=\"wp-block-paragraph\">Tambi\u00e9n se deber\u00e1 determinar si las condiciones encontradas y la lesi\u00f3n del animal permiten establecer la existencia de una <strong>posible conducta de maltrato animal<\/strong>.<\/p>\n\n\n\n<p class=\"wp-block-paragraph\">Por ahora, ser\u00e1n las autoridades competentes las encargadas de establecer las circunstancias del caso y las eventuales responsabilidades.<\/p>\n\n\n\n<p class=\"wp-block-paragraph\">La intervenci\u00f3n se produjo a partir de una denuncia ciudadana, que permiti\u00f3 verificar directamente las condiciones de los animales y activar la ruta institucional de protecci\u00f3n y bienestar animal.<\/p>\n\n\n\n<figure class=\"wp-block-video\"><\/figure>\n","protected":false},"excerpt":{"rendered":"<p>Una denuncia ciudadana permiti\u00f3 la intervenci\u00f3n de la Alcald\u00eda de Tulu\u00e1, a trav\u00e9s del equipo de Bienestar Animal, en articulaci\u00f3n con la Polic\u00eda Ambiental, para retirar dos equinos encontrados en un potrero ubicado dentro de una propiedad privada. De acuerdo con la informaci\u00f3n entregada por las autoridades, los responsables del predio manifestaron que los animales [&hellip;]<\/p>\n","protected":false},"author":3,"featured_media":51273,"comment_status":"open","ping_status":"open","sticky":false,"template":"","format":"video","meta":{"footnotes":""},"categories":[10,1515],"tags":[],"class_list":["post-51272","post","type-post","status-publish","format-video","has-post-thumbnail","hentry","category-cnc-noticias-tulua","category-cnc-tulua","post_format-post-format-video"],"_links":{"self":[{"href":"https:\/\/cnctulua.tv\/index.php?rest_route=\/wp\/v2\/posts\/51272","targetHints":{"allow":["GET"]}}],"collection":[{"href":"https:\/\/cnctulua.tv\/index.php?rest_route=\/wp\/v2\/posts"}],"about":[{"href":"https:\/\/cnctulua.tv\/index.php?rest_route=\/wp\/v2\/types\/post"}],"author":[{"embeddable":true,"href":"https:\/\/cnctulua.tv\/index.php?rest_route=\/wp\/v2\/users\/3"}],"replies":[{"embeddable":true,"href":"https:\/\/cnctulua.tv\/index.php?rest_route=%2Fwp%2Fv2%2Fcomments&post=51272"}],"version-history":[{"count":1,"href":"https:\/\/cnctulua.tv\/index.php?rest_route=\/wp\/v2\/posts\/51272\/revisions"}],"predecessor-version":[{"id":51274,"href":"https:\/\/cnctulua.tv\/index.php?rest_route=\/wp\/v2\/posts\/51272\/revisions\/51274"}],"wp:featuredmedia":[{"embeddable":true,"href":"https:\/\/cnctulua.tv\/index.php?rest_route=\/wp\/v2\/media\/51273"}],"wp:attachment":[{"href":"https:\/\/cnctulua.tv\/index.php?rest_route=%2Fwp%2Fv2%2Fmedia&parent=51272"}],"wp:term":[{"taxonomy":"category","embeddable":true,"href":"https:\/\/cnctulua.tv\/index.php?rest_route=%2Fwp%2Fv2%2Fcategories&post=51272"},{"taxonomy":"post_tag","embeddable":true,"href":"https:\/\/cnctulua.tv\/index.php?rest_route=%2Fwp%2Fv2%2Ftags&post=51272"}],"curies":[{"name":"wp","href":"https:\/\/api.w.org\/{rel}","templated":true}]}}