{"id":51275,"date":"2026-08-31T17:29:38","date_gmt":"2026-08-31T17:29:38","guid":{"rendered":"https:\/\/cnctulua.tv\/?p=51275"},"modified":"2026-08-31T17:29:38","modified_gmt":"2026-08-31T17:29:38","slug":"alcaldia-de-tulua-llevo-oferta-institucional-al-barrio-la-paz-con-servicios-para-la-comunidad","status":"publish","type":"post","link":"https:\/\/cnctulua.tv\/?p=51275","title":{"rendered":"Alcald\u00eda de Tulu\u00e1 llev\u00f3 oferta institucional al barrio La Paz con servicios para la comunidad"},"content":{"rendered":"\n<p class=\"wp-block-paragraph\">La Administraci\u00f3n Municipal de Tulu\u00e1 llev\u00f3 parte de su oferta institucional al barrio <strong>La Paz<\/strong>, donde los habitantes tuvieron acceso a servicios de salud, atenci\u00f3n social, cultura y Gobierno, adem\u00e1s de actividades recreativas dirigidas a ni\u00f1os y familias.<\/p>\n\n\n\n<p class=\"wp-block-paragraph\">La jornada se desarroll\u00f3 en articulaci\u00f3n con la <strong>Junta de Acci\u00f3n Comunal<\/strong> del sector y permiti\u00f3 acercar diferentes servicios a la comunidad sin necesidad de que los habitantes se desplazaran hasta las dependencias municipales.<\/p>\n\n\n\n<h3 class=\"wp-block-heading\">Atenci\u00f3n en salud y orientaci\u00f3n social<\/h3>\n\n\n\n<p class=\"wp-block-paragraph\">Durante la actividad, los residentes pudieron acceder a atenci\u00f3n primaria en salud con la participaci\u00f3n de <strong>m\u00e9dicos, psic\u00f3logos, trabajadores sociales y personal de enfermer\u00eda<\/strong>.<\/p>\n\n\n\n<figure class=\"wp-block-embed is-type-video is-provider-youtube wp-block-embed-youtube wp-embed-aspect-16-9 wp-has-aspect-ratio\"><div class=\"wp-block-embed__wrapper\">\n<iframe loading=\"lazy\" title=\"\ud83e\ude81 SERVICIOS DE SALUD Y ATENCI\u00d3N SOCIAL LLEGARON AL BARRIO LA PAZ EN TULU\u00c1\" width=\"640\" height=\"360\" src=\"https:\/\/www.youtube.com\/embed\/ZG8ywidKr7g?feature=oembed\" frameborder=\"0\" allow=\"accelerometer; autoplay; clipboard-write; encrypted-media; gyroscope; picture-in-picture; web-share\" referrerpolicy=\"strict-origin-when-cross-origin\" allowfullscreen><\/iframe>\n<\/div><\/figure>\n\n\n\n<p class=\"wp-block-paragraph\">Tambi\u00e9n se socializ\u00f3 la oferta de talleres de arte y cultura, as\u00ed como los cursos gratuitos disponibles a trav\u00e9s del CASI y Bienestar Social.<\/p>\n\n\n\n<p class=\"wp-block-paragraph\">Por su parte, la Secretar\u00eda de Gobierno atendi\u00f3 diferentes situaciones planteadas directamente por los habitantes, con el prop\u00f3sito de gestionar las respuestas correspondientes desde la Administraci\u00f3n Municipal.<\/p>\n\n\n\n<h3 class=\"wp-block-heading\">Actividades para ni\u00f1os y familias<\/h3>\n\n\n\n<p class=\"wp-block-paragraph\">La jornada tambi\u00e9n incluy\u00f3 actividades dirigidas especialmente a los ni\u00f1os, en el marco del <strong>mes de las cometas<\/strong>.<\/p>\n\n\n\n<p class=\"wp-block-paragraph\">Uno de los espacios fue un taller gratuito de elaboraci\u00f3n de cometas, que permiti\u00f3 reunir a ni\u00f1os y familias alrededor de una actividad recreativa.<\/p>\n\n\n\n<p class=\"wp-block-paragraph\">Adem\u00e1s del componente l\u00fadico, la iniciativa busc\u00f3 promover espacios de convivencia y aprovechamiento del tiempo libre entre familiares y amigos.<\/p>\n\n\n\n<h3 class=\"wp-block-heading\">Anuncian Festival de Cometas<\/h3>\n\n\n\n<p class=\"wp-block-paragraph\">Las actividades continuar\u00e1n en el mismo sector con la realizaci\u00f3n de un <strong>Festival de Cometas<\/strong>, que contar\u00e1 nuevamente con oferta institucional y espacios recreativos para la comunidad.<\/p>\n\n\n\n<p class=\"wp-block-paragraph\">Este tipo de jornadas hace parte de las estrategias de descentralizaci\u00f3n de la oferta p\u00fablica, cuyo prop\u00f3sito es acercar los servicios de las diferentes dependencias municipales a los barrios y facilitar el acceso de los ciudadanos a la atenci\u00f3n institucional.<\/p>\n\n\n\n<figure class=\"wp-block-video\"><\/figure>\n","protected":false},"excerpt":{"rendered":"<p>La Administraci\u00f3n Municipal de Tulu\u00e1 llev\u00f3 parte de su oferta institucional al barrio La Paz, donde los habitantes tuvieron acceso a servicios de salud, atenci\u00f3n social, cultura y Gobierno, adem\u00e1s de actividades recreativas dirigidas a ni\u00f1os y familias. La jornada se desarroll\u00f3 en articulaci\u00f3n con la Junta de Acci\u00f3n Comunal del sector y permiti\u00f3 acercar [&hellip;]<\/p>\n","protected":false},"author":3,"featured_media":51276,"comment_status":"open","ping_status":"open","sticky":false,"template":"","format":"video","meta":{"footnotes":""},"categories":[10,1515],"tags":[],"class_list":["post-51275","post","type-post","status-publish","format-video","has-post-thumbnail","hentry","category-cnc-noticias-tulua","category-cnc-tulua","post_format-post-format-video"],"_links":{"self":[{"href":"https:\/\/cnctulua.tv\/index.php?rest_route=\/wp\/v2\/posts\/51275","targetHints":{"allow":["GET"]}}],"collection":[{"href":"https:\/\/cnctulua.tv\/index.php?rest_route=\/wp\/v2\/posts"}],"about":[{"href":"https:\/\/cnctulua.tv\/index.php?rest_route=\/wp\/v2\/types\/post"}],"author":[{"embeddable":true,"href":"https:\/\/cnctulua.tv\/index.php?rest_route=\/wp\/v2\/users\/3"}],"replies":[{"embeddable":true,"href":"https:\/\/cnctulua.tv\/index.php?rest_route=%2Fwp%2Fv2%2Fcomments&post=51275"}],"version-history":[{"count":1,"href":"https:\/\/cnctulua.tv\/index.php?rest_route=\/wp\/v2\/posts\/51275\/revisions"}],"predecessor-version":[{"id":51277,"href":"https:\/\/cnctulua.tv\/index.php?rest_route=\/wp\/v2\/posts\/51275\/revisions\/51277"}],"wp:featuredmedia":[{"embeddable":true,"href":"https:\/\/cnctulua.tv\/index.php?rest_route=\/wp\/v2\/media\/51276"}],"wp:attachment":[{"href":"https:\/\/cnctulua.tv\/index.php?rest_route=%2Fwp%2Fv2%2Fmedia&parent=51275"}],"wp:term":[{"taxonomy":"category","embeddable":true,"href":"https:\/\/cnctulua.tv\/index.php?rest_route=%2Fwp%2Fv2%2Fcategories&post=51275"},{"taxonomy":"post_tag","embeddable":true,"href":"https:\/\/cnctulua.tv\/index.php?rest_route=%2Fwp%2Fv2%2Ftags&post=51275"}],"curies":[{"name":"wp","href":"https:\/\/api.w.org\/{rel}","templated":true}]}}