{"id":51278,"date":"2026-08-31T17:31:36","date_gmt":"2026-08-31T17:31:36","guid":{"rendered":"https:\/\/cnctulua.tv\/?p=51278"},"modified":"2026-08-31T17:31:36","modified_gmt":"2026-08-31T17:31:36","slug":"fin-de-semana-dejo-muertes-y-hechos-judiciales-en-buga-la-paila-caicedonia-y-ansermanuevo","status":"publish","type":"post","link":"https:\/\/cnctulua.tv\/?p=51278","title":{"rendered":"Fin de semana dej\u00f3 muertes y hechos judiciales en Buga, La Paila, Caicedonia y Ansermanuevo"},"content":{"rendered":"\n<p class=\"wp-block-paragraph\"><strong>Una menor de 16 a\u00f1os muri\u00f3 en un siniestro vial, mientras tres hombres perdieron la vida en hechos violentos registrados en diferentes municipios del Valle del Cauca. En Buga, un motociclista termin\u00f3 dentro de una buseta tras una colisi\u00f3n.<\/strong><\/p>\n\n\n\n<p class=\"wp-block-paragraph\">Diferentes hechos registrados durante el fin de semana en municipios del centro y norte del Valle del Cauca dejaron un balance de personas fallecidas, v\u00edctimas de ataques con arma de fuego y un aparatoso accidente de tr\u00e1nsito.<\/p>\n\n\n\n<p class=\"wp-block-paragraph\">Los casos ocurrieron en <strong>Buga, La Paila, Caicedonia y Ansermanuevo<\/strong>, y son materia de investigaci\u00f3n por parte de las autoridades.<\/p>\n\n\n\n<h3 class=\"wp-block-heading\">Motociclista termin\u00f3 dentro de una buseta en Buga<\/h3>\n\n\n\n<figure class=\"wp-block-embed is-type-video is-provider-youtube wp-block-embed-youtube wp-embed-aspect-16-9 wp-has-aspect-ratio\"><div class=\"wp-block-embed__wrapper\">\n<iframe loading=\"lazy\" title=\"FIN DE SEMANA DEJ\u00d3 MUERTES Y ATAQUES ARMADOS | UN MOTOCICLISTA TERMIN\u00d3 DENTRO DE UNA BUSETA\" width=\"640\" height=\"360\" src=\"https:\/\/www.youtube.com\/embed\/Etz6_25tcu0?feature=oembed\" frameborder=\"0\" allow=\"accelerometer; autoplay; clipboard-write; encrypted-media; gyroscope; picture-in-picture; web-share\" referrerpolicy=\"strict-origin-when-cross-origin\" allowfullscreen><\/iframe>\n<\/div><\/figure>\n\n\n\n<p class=\"wp-block-paragraph\">Un accidente de tr\u00e1nsito ocurrido durante la tarde del domingo 30 de agosto qued\u00f3 registrado por c\u00e1maras de seguridad en la calle 7 con carrera 13, en Buga.<\/p>\n\n\n\n<p class=\"wp-block-paragraph\">En las im\u00e1genes se observa c\u00f3mo un motociclista colisiona contra una buseta de servicio p\u00fablico y, debido al impacto, termina dentro del veh\u00edculo.<\/p>\n\n\n\n<p class=\"wp-block-paragraph\">Una segunda c\u00e1mara, ubicada en el interior de la buseta, muestra al motociclista sobre las bancas del automotor. Posteriormente, el hombre logra desplazarse hasta la puerta y salir del veh\u00edculo por sus propios medios para solicitar ayuda.<\/p>\n\n\n\n<p class=\"wp-block-paragraph\">De acuerdo con la informaci\u00f3n conocida, en la buseta se encontraban el conductor y un pasajero. Organismos de socorro atendieron la emergencia.<\/p>\n\n\n\n<p class=\"wp-block-paragraph\"><strong>Hasta el momento no se ha establecido el estado de salud del motociclista ni si el conductor o el pasajero resultaron lesionados.<\/strong><\/p>\n\n\n\n<h3 class=\"wp-block-heading\">Menor de 16 a\u00f1os muri\u00f3 en siniestro vial en La Paila<\/h3>\n\n\n\n<p class=\"wp-block-paragraph\">En el sector Quebrada Nueva, jurisdicci\u00f3n de La Paila, una menor de 16 a\u00f1os muri\u00f3 en un siniestro vial.<\/p>\n\n\n\n<p class=\"wp-block-paragraph\">Seg\u00fan la informaci\u00f3n preliminar, la joven se movilizaba en una motocicleta junto a otra menor, de 13 a\u00f1os, cuando aparentemente perdieron el control al tomar una curva y terminaron impactando contra una se\u00f1al de tr\u00e1nsito.<\/p>\n\n\n\n<p class=\"wp-block-paragraph\">La adolescente de 16 a\u00f1os falleci\u00f3 en el lugar, mientras que la menor de 13 a\u00f1os result\u00f3 lesionada y fue trasladada a un centro asistencial.<\/p>\n\n\n\n<p class=\"wp-block-paragraph\">Las autoridades deber\u00e1n establecer las circunstancias exactas en las que ocurri\u00f3 el siniestro.<\/p>\n\n\n\n<h3 class=\"wp-block-heading\">Identifican a hombre muerto tras ataque armado en Caicedonia<\/h3>\n\n\n\n<p class=\"wp-block-paragraph\">Como <strong>Yeison Mu\u00f1oz<\/strong> fue identificado el hombre que muri\u00f3 despu\u00e9s de resultar gravemente herido en un ataque con arma de fuego ocurrido el s\u00e1bado 29 de agosto en Caicedonia.<\/p>\n\n\n\n<p class=\"wp-block-paragraph\">El hecho se registr\u00f3 en la carrera 9 con calle 8, frente a una panader\u00eda. Seg\u00fan la informaci\u00f3n preliminar, Mu\u00f1oz se movilizaba en una motocicleta cuando fue atacado por personas que posteriormente huyeron del lugar.<\/p>\n\n\n\n<p class=\"wp-block-paragraph\">La v\u00edctima fue trasladada al Hospital Santander, donde habr\u00eda ingresado sin signos vitales debido a la gravedad de las heridas.<\/p>\n\n\n\n<p class=\"wp-block-paragraph\">Las autoridades adelantan las investigaciones para establecer los m\u00f3viles del ataque e identificar a los responsables.<\/p>\n\n\n\n<h3 class=\"wp-block-heading\">Dos hombres fueron asesinados en zona rural de Ansermanuevo<\/h3>\n\n\n\n<p class=\"wp-block-paragraph\">En el sector La Diamantina, zona rural de Ansermanuevo, un ataque con arma de fuego dej\u00f3 dos hombres muertos.<\/p>\n\n\n\n<p class=\"wp-block-paragraph\">Las v\u00edctimas fueron identificadas como <strong>Arley S\u00e1nchez \u00c1lvarez, de 41 a\u00f1os, y Jos\u00e9 Uriel Garc\u00eda Pino<\/strong>.<\/p>\n\n\n\n<p class=\"wp-block-paragraph\">Las autoridades adelantan las investigaciones para establecer las circunstancias del doble homicidio, determinar los posibles m\u00f3viles y establecer qui\u00e9nes estar\u00edan detr\u00e1s del hecho.<\/p>\n\n\n\n<p class=\"wp-block-paragraph\">Los cuatro casos permanecen bajo investigaci\u00f3n de las autoridades competentes, que deber\u00e1n establecer las circunstancias particulares de cada hecho.<\/p>\n\n\n\n<figure class=\"wp-block-video\"><\/figure>\n","protected":false},"excerpt":{"rendered":"<p>Una menor de 16 a\u00f1os muri\u00f3 en un siniestro vial, mientras tres hombres perdieron la vida en hechos violentos registrados en diferentes municipios del Valle del Cauca. En Buga, un motociclista termin\u00f3 dentro de una buseta tras una colisi\u00f3n. Diferentes hechos registrados durante el fin de semana en municipios del centro y norte del Valle [&hellip;]<\/p>\n","protected":false},"author":3,"featured_media":51279,"comment_status":"open","ping_status":"open","sticky":false,"template":"","format":"video","meta":{"footnotes":""},"categories":[10,1515],"tags":[],"class_list":["post-51278","post","type-post","status-publish","format-video","has-post-thumbnail","hentry","category-cnc-noticias-tulua","category-cnc-tulua","post_format-post-format-video"],"_links":{"self":[{"href":"https:\/\/cnctulua.tv\/index.php?rest_route=\/wp\/v2\/posts\/51278","targetHints":{"allow":["GET"]}}],"collection":[{"href":"https:\/\/cnctulua.tv\/index.php?rest_route=\/wp\/v2\/posts"}],"about":[{"href":"https:\/\/cnctulua.tv\/index.php?rest_route=\/wp\/v2\/types\/post"}],"author":[{"embeddable":true,"href":"https:\/\/cnctulua.tv\/index.php?rest_route=\/wp\/v2\/users\/3"}],"replies":[{"embeddable":true,"href":"https:\/\/cnctulua.tv\/index.php?rest_route=%2Fwp%2Fv2%2Fcomments&post=51278"}],"version-history":[{"count":1,"href":"https:\/\/cnctulua.tv\/index.php?rest_route=\/wp\/v2\/posts\/51278\/revisions"}],"predecessor-version":[{"id":51280,"href":"https:\/\/cnctulua.tv\/index.php?rest_route=\/wp\/v2\/posts\/51278\/revisions\/51280"}],"wp:featuredmedia":[{"embeddable":true,"href":"https:\/\/cnctulua.tv\/index.php?rest_route=\/wp\/v2\/media\/51279"}],"wp:attachment":[{"href":"https:\/\/cnctulua.tv\/index.php?rest_route=%2Fwp%2Fv2%2Fmedia&parent=51278"}],"wp:term":[{"taxonomy":"category","embeddable":true,"href":"https:\/\/cnctulua.tv\/index.php?rest_route=%2Fwp%2Fv2%2Fcategories&post=51278"},{"taxonomy":"post_tag","embeddable":true,"href":"https:\/\/cnctulua.tv\/index.php?rest_route=%2Fwp%2Fv2%2Ftags&post=51278"}],"curies":[{"name":"wp","href":"https:\/\/api.w.org\/{rel}","templated":true}]}}