{"id":51281,"date":"2026-08-31T17:32:47","date_gmt":"2026-08-31T17:32:47","guid":{"rendered":"https:\/\/cnctulua.tv\/?p=51281"},"modified":"2026-08-31T17:32:47","modified_gmt":"2026-08-31T17:32:47","slug":"capturan-a-seis-presuntos-integrantes-de-los-del-chino-en-tulua","status":"publish","type":"post","link":"https:\/\/cnctulua.tv\/?p=51281","title":{"rendered":"Capturan a seis presuntos integrantes de \u2018Los del Chino\u2019 en Tulu\u00e1"},"content":{"rendered":"\n<p class=\"wp-block-paragraph\"><strong>La Polic\u00eda se\u00f1ala que la estructura estar\u00eda vinculada al tr\u00e1fico local de estupefacientes y tendr\u00eda una presunta relaci\u00f3n de outsourcing con el GDCO \u2018La Inmaculada\u2019.<\/strong><\/p>\n\n\n\n<p class=\"wp-block-paragraph\">Seis personas fueron capturadas en Tulu\u00e1 durante un operativo adelantado por la <strong>Seccional de Investigaci\u00f3n Criminal, SIJIN<\/strong>, en coordinaci\u00f3n con el Modelo de Servicio de Polic\u00eda Orientado a las Personas y los Territorios.<\/p>\n\n\n\n<p class=\"wp-block-paragraph\">De acuerdo con la informaci\u00f3n entregada por la Polic\u00eda Nacional, los detenidos ser\u00edan presuntos integrantes del grupo delincuencial com\u00fan organizado <strong>\u2018Los del Chino\u2019<\/strong>, estructura que, seg\u00fan la investigaci\u00f3n, estar\u00eda vinculada mediante un esquema de outsourcing con el GDCO <strong>\u2018La Inmaculada\u2019<\/strong>.<\/p>\n\n\n\n<p class=\"wp-block-paragraph\">El operativo se desarroll\u00f3 mediante <strong>cinco diligencias de registro y allanamiento<\/strong>, que permitieron hacer efectivas las \u00f3rdenes judiciales de captura por el delito de <strong>concierto para delinquir con fines de fabricaci\u00f3n, porte y tr\u00e1fico de estupefacientes<\/strong>.<\/p>\n\n\n\n<h3 class=\"wp-block-heading\">Investigaci\u00f3n apunta al tr\u00e1fico local de drogas<\/h3>\n\n\n\n<figure class=\"wp-block-embed is-type-video is-provider-youtube wp-block-embed-youtube wp-embed-aspect-16-9 wp-has-aspect-ratio\"><div class=\"wp-block-embed__wrapper\">\n<iframe loading=\"lazy\" title=\"\ud83d\udea8 SEIS CAPTURADOS EN TULU\u00c1: DESARTICULAN PRESUNTA ESTRUCTURA VINCULADA AL TR\u00c1FICO DE DROGAS\" width=\"640\" height=\"360\" src=\"https:\/\/www.youtube.com\/embed\/pKOHvvllyKk?feature=oembed\" frameborder=\"0\" allow=\"accelerometer; autoplay; clipboard-write; encrypted-media; gyroscope; picture-in-picture; web-share\" referrerpolicy=\"strict-origin-when-cross-origin\" allowfullscreen><\/iframe>\n<\/div><\/figure>\n\n\n\n<p class=\"wp-block-paragraph\">Seg\u00fan las autoridades, \u2018Los del Chino\u2019 estar\u00eda relacionado con actividades de comercializaci\u00f3n de estupefacientes en sectores como <strong>la Galer\u00eda y La Marranera<\/strong>, en Tulu\u00e1.<\/p>\n\n\n\n<p class=\"wp-block-paragraph\">La investigaci\u00f3n establece, adem\u00e1s, que la estructura presuntamente llevar\u00eda <strong>alrededor de cuatro a\u00f1os<\/strong> desarrollando actividades relacionadas con el tr\u00e1fico local de drogas en el municipio.<\/p>\n\n\n\n<p class=\"wp-block-paragraph\">La Polic\u00eda inform\u00f3 que las seis personas capturadas registran antecedentes por el delito de concierto para delinquir con fines de tr\u00e1fico de estupefacientes.<\/p>\n\n\n\n<h3 class=\"wp-block-heading\">Capturados fueron enviados a prisi\u00f3n<\/h3>\n\n\n\n<p class=\"wp-block-paragraph\">Los detenidos fueron puestos a disposici\u00f3n de la autoridad competente y, durante las audiencias correspondientes, un juez impuso <strong>medida de aseguramiento privativa de la libertad en establecimiento penitenciario y carcelario<\/strong>.<\/p>\n\n\n\n<p class=\"wp-block-paragraph\">La Polic\u00eda se\u00f1al\u00f3 que el resultado permite afectar una estructura que estar\u00eda dedicada a la comercializaci\u00f3n ilegal de estupefacientes y a la generaci\u00f3n de rentas derivadas de esta actividad.<\/p>\n\n\n\n<p class=\"wp-block-paragraph\">Las investigaciones continuar\u00e1n para establecer el alcance de la organizaci\u00f3n, su presunta relaci\u00f3n con otras estructuras delincuenciales y las responsabilidades individuales de las personas procesadas.<\/p>\n\n\n\n<figure class=\"wp-block-video\"><\/figure>\n","protected":false},"excerpt":{"rendered":"<p>La Polic\u00eda se\u00f1ala que la estructura estar\u00eda vinculada al tr\u00e1fico local de estupefacientes y tendr\u00eda una presunta relaci\u00f3n de outsourcing con el GDCO \u2018La Inmaculada\u2019. Seis personas fueron capturadas en Tulu\u00e1 durante un operativo adelantado por la Seccional de Investigaci\u00f3n Criminal, SIJIN, en coordinaci\u00f3n con el Modelo de Servicio de Polic\u00eda Orientado a las Personas [&hellip;]<\/p>\n","protected":false},"author":3,"featured_media":51282,"comment_status":"open","ping_status":"open","sticky":false,"template":"","format":"video","meta":{"footnotes":""},"categories":[10,1515],"tags":[],"class_list":["post-51281","post","type-post","status-publish","format-video","has-post-thumbnail","hentry","category-cnc-noticias-tulua","category-cnc-tulua","post_format-post-format-video"],"_links":{"self":[{"href":"https:\/\/cnctulua.tv\/index.php?rest_route=\/wp\/v2\/posts\/51281","targetHints":{"allow":["GET"]}}],"collection":[{"href":"https:\/\/cnctulua.tv\/index.php?rest_route=\/wp\/v2\/posts"}],"about":[{"href":"https:\/\/cnctulua.tv\/index.php?rest_route=\/wp\/v2\/types\/post"}],"author":[{"embeddable":true,"href":"https:\/\/cnctulua.tv\/index.php?rest_route=\/wp\/v2\/users\/3"}],"replies":[{"embeddable":true,"href":"https:\/\/cnctulua.tv\/index.php?rest_route=%2Fwp%2Fv2%2Fcomments&post=51281"}],"version-history":[{"count":1,"href":"https:\/\/cnctulua.tv\/index.php?rest_route=\/wp\/v2\/posts\/51281\/revisions"}],"predecessor-version":[{"id":51283,"href":"https:\/\/cnctulua.tv\/index.php?rest_route=\/wp\/v2\/posts\/51281\/revisions\/51283"}],"wp:featuredmedia":[{"embeddable":true,"href":"https:\/\/cnctulua.tv\/index.php?rest_route=\/wp\/v2\/media\/51282"}],"wp:attachment":[{"href":"https:\/\/cnctulua.tv\/index.php?rest_route=%2Fwp%2Fv2%2Fmedia&parent=51281"}],"wp:term":[{"taxonomy":"category","embeddable":true,"href":"https:\/\/cnctulua.tv\/index.php?rest_route=%2Fwp%2Fv2%2Fcategories&post=51281"},{"taxonomy":"post_tag","embeddable":true,"href":"https:\/\/cnctulua.tv\/index.php?rest_route=%2Fwp%2Fv2%2Ftags&post=51281"}],"curies":[{"name":"wp","href":"https:\/\/api.w.org\/{rel}","templated":true}]}}