{"id":51287,"date":"2026-08-31T18:02:35","date_gmt":"2026-08-31T18:02:35","guid":{"rendered":"https:\/\/cnctulua.tv\/?p=51287"},"modified":"2026-08-31T18:02:35","modified_gmt":"2026-08-31T18:02:35","slug":"tres-presuntos-integrantes-de-estructura-criminal-fueron-capturados-en-sevilla","status":"publish","type":"post","link":"https:\/\/cnctulua.tv\/?p=51287","title":{"rendered":"Tres presuntos integrantes de estructura criminal fueron capturados en Sevilla"},"content":{"rendered":"\n<p class=\"wp-block-paragraph\"><strong>Uno de los detenidos era requerido por homicidio agravado y, seg\u00fan la Polic\u00eda, ser\u00eda un presunto cabecilla de zona. Otros dos hombres fueron capturados en flagrancia con armas de fuego.<\/strong><\/p>\n\n\n\n<p class=\"wp-block-paragraph\">Tres presuntos integrantes de una estructura criminal fueron capturados en <strong>Sevilla, Valle del Cauca<\/strong>, durante dos acciones operativas adelantadas por la Polic\u00eda Nacional como parte de una ofensiva contra el homicidio y las organizaciones vinculadas al control territorial y las rentas il\u00edcitas en el norte del departamento.<\/p>\n\n\n\n<p class=\"wp-block-paragraph\">Los procedimientos estuvieron a cargo de unidades de la <strong>Seccional de Investigaci\u00f3n Criminal, SIJIN<\/strong>, inteligencia y del Modelo de Servicio de Polic\u00eda Orientado a las Personas y los Territorios.<\/p>\n\n\n\n<h3 class=\"wp-block-heading\">Capturado por orden judicial por homicidio agravado<\/h3>\n\n\n\n<figure class=\"wp-block-embed is-type-video is-provider-youtube wp-block-embed-youtube wp-embed-aspect-16-9 wp-has-aspect-ratio\"><div class=\"wp-block-embed__wrapper\">\nhttps:\/\/youtu.be\/KtA4FpqKqg4\n<\/div><\/figure>\n\n\n\n<p class=\"wp-block-paragraph\">En uno de los procedimientos fue capturado un hombre de <strong>46 a\u00f1os<\/strong>, requerido mediante orden judicial por el delito de <strong>homicidio agravado<\/strong>.<\/p>\n\n\n\n<p class=\"wp-block-paragraph\">De acuerdo con las labores investigativas de la Polic\u00eda, el detenido ser\u00eda un <strong>presunto cabecilla de zona<\/strong> y estar\u00eda relacionado con acciones violentas y varios homicidios selectivos registrados entre junio y julio de 2026.<\/p>\n\n\n\n<p class=\"wp-block-paragraph\">Estos hechos contin\u00faan bajo investigaci\u00f3n de las autoridades judiciales, que deber\u00e1n establecer las responsabilidades correspondientes.<\/p>\n\n\n\n<h3 class=\"wp-block-heading\">Dos capturas en zona semiboscosa<\/h3>\n\n\n\n<p class=\"wp-block-paragraph\">En una segunda acci\u00f3n, desarrollada a partir de informaci\u00f3n suministrada por una fuente humana y posteriores labores de verificaci\u00f3n, fueron capturados en flagrancia dos hombres de <strong>25 y 20 a\u00f1os<\/strong>.<\/p>\n\n\n\n<p class=\"wp-block-paragraph\">El procedimiento se realiz\u00f3 en una zona semiboscosa de Sevilla. Seg\u00fan la Polic\u00eda, durante la intervenci\u00f3n les fueron encontradas <strong>armas de fuego<\/strong>.<\/p>\n\n\n\n<p class=\"wp-block-paragraph\">Las autoridades se\u00f1alaron que, de acuerdo con la informaci\u00f3n recopilada durante la investigaci\u00f3n, los dos j\u00f3venes estar\u00edan realizando labores de seguimiento a personas, presuntamente con el prop\u00f3sito de facilitar posibles acciones violentas.<\/p>\n\n\n\n<p class=\"wp-block-paragraph\">Este se\u00f1alamiento tambi\u00e9n deber\u00e1 ser determinado dentro del proceso judicial correspondiente.<\/p>\n\n\n\n<p class=\"wp-block-paragraph\">Los tres capturados y los elementos incautados fueron puestos a disposici\u00f3n de las autoridades competentes, que adelantan las actuaciones judiciales y deber\u00e1n definir la situaci\u00f3n jur\u00eddica de los detenidos.<\/p>\n\n\n\n<figure class=\"wp-block-video\"><\/figure>\n","protected":false},"excerpt":{"rendered":"<p>Uno de los detenidos era requerido por homicidio agravado y, seg\u00fan la Polic\u00eda, ser\u00eda un presunto cabecilla de zona. Otros dos hombres fueron capturados en flagrancia con armas de fuego. Tres presuntos integrantes de una estructura criminal fueron capturados en Sevilla, Valle del Cauca, durante dos acciones operativas adelantadas por la Polic\u00eda Nacional como parte [&hellip;]<\/p>\n","protected":false},"author":3,"featured_media":51288,"comment_status":"open","ping_status":"open","sticky":false,"template":"","format":"video","meta":{"footnotes":""},"categories":[10,1515],"tags":[],"class_list":["post-51287","post","type-post","status-publish","format-video","has-post-thumbnail","hentry","category-cnc-noticias-tulua","category-cnc-tulua","post_format-post-format-video"],"_links":{"self":[{"href":"https:\/\/cnctulua.tv\/index.php?rest_route=\/wp\/v2\/posts\/51287","targetHints":{"allow":["GET"]}}],"collection":[{"href":"https:\/\/cnctulua.tv\/index.php?rest_route=\/wp\/v2\/posts"}],"about":[{"href":"https:\/\/cnctulua.tv\/index.php?rest_route=\/wp\/v2\/types\/post"}],"author":[{"embeddable":true,"href":"https:\/\/cnctulua.tv\/index.php?rest_route=\/wp\/v2\/users\/3"}],"replies":[{"embeddable":true,"href":"https:\/\/cnctulua.tv\/index.php?rest_route=%2Fwp%2Fv2%2Fcomments&post=51287"}],"version-history":[{"count":1,"href":"https:\/\/cnctulua.tv\/index.php?rest_route=\/wp\/v2\/posts\/51287\/revisions"}],"predecessor-version":[{"id":51289,"href":"https:\/\/cnctulua.tv\/index.php?rest_route=\/wp\/v2\/posts\/51287\/revisions\/51289"}],"wp:featuredmedia":[{"embeddable":true,"href":"https:\/\/cnctulua.tv\/index.php?rest_route=\/wp\/v2\/media\/51288"}],"wp:attachment":[{"href":"https:\/\/cnctulua.tv\/index.php?rest_route=%2Fwp%2Fv2%2Fmedia&parent=51287"}],"wp:term":[{"taxonomy":"category","embeddable":true,"href":"https:\/\/cnctulua.tv\/index.php?rest_route=%2Fwp%2Fv2%2Fcategories&post=51287"},{"taxonomy":"post_tag","embeddable":true,"href":"https:\/\/cnctulua.tv\/index.php?rest_route=%2Fwp%2Fv2%2Ftags&post=51287"}],"curies":[{"name":"wp","href":"https:\/\/api.w.org\/{rel}","templated":true}]}}