{"id":51296,"date":"2026-08-31T18:15:52","date_gmt":"2026-08-31T18:15:52","guid":{"rendered":"https:\/\/cnctulua.tv\/?p=51296"},"modified":"2026-08-31T18:15:52","modified_gmt":"2026-08-31T18:15:52","slug":"gobernacion-y-comunidades-indigenas-avanzan-en-acuerdos-para-recuperar-viviendas-y-escuelas-afectadas-por-el-sismo","status":"publish","type":"post","link":"https:\/\/cnctulua.tv\/?p=51296","title":{"rendered":"Gobernaci\u00f3n y comunidades ind\u00edgenas avanzan en acuerdos para recuperar viviendas y escuelas afectadas por el sismo"},"content":{"rendered":"\n<p class=\"wp-block-paragraph\"><strong>Los convenios contemplan la recuperaci\u00f3n de viviendas, instituciones educativas y espacios comunitarios, con modelos de construcci\u00f3n adaptados a las caracter\u00edsticas culturales y territoriales de las comunidades ind\u00edgenas.<\/strong><\/p>\n\n\n\n<p class=\"wp-block-paragraph\">La Gobernaci\u00f3n del Valle del Cauca y representantes de la <strong>Organizaci\u00f3n Regional Ind\u00edgena del Valle del Cauca, Orivac<\/strong>, avanzaron en la elaboraci\u00f3n de convenios para atender las afectaciones ocasionadas por el terremoto del pasado 10 de agosto en territorios ind\u00edgenas del departamento.<\/p>\n\n\n\n<p class=\"wp-block-paragraph\">Durante una reuni\u00f3n con la gobernadora <strong>Dilian Francisca Toro<\/strong>, se revisaron acciones relacionadas con la recuperaci\u00f3n de viviendas, instituciones educativas y espacios comunitarios afectados por la emergencia.<\/p>\n\n\n\n<h3 class=\"wp-block-heading\">Viviendas adaptadas a cada territorio<\/h3>\n\n\n\n<figure class=\"wp-block-embed is-type-video is-provider-youtube wp-block-embed-youtube wp-embed-aspect-16-9 wp-has-aspect-ratio\"><div class=\"wp-block-embed__wrapper\">\n<iframe loading=\"lazy\" title=\"\ud83d\udea8 AVANZAN ACUERDOS PARA RECUPERAR VIVIENDAS Y ESCUELAS IND\u00cdGENAS AFECTADAS POR EL SISMO\" width=\"640\" height=\"360\" src=\"https:\/\/www.youtube.com\/embed\/1qD8URfsduc?feature=oembed\" frameborder=\"0\" allow=\"accelerometer; autoplay; clipboard-write; encrypted-media; gyroscope; picture-in-picture; web-share\" referrerpolicy=\"strict-origin-when-cross-origin\" allowfullscreen><\/iframe>\n<\/div><\/figure>\n\n\n\n<p class=\"wp-block-paragraph\">Uno de los componentes de la estrategia contempla la construcci\u00f3n de <strong>modelos de vivienda acordes con las pr\u00e1cticas culturales y las caracter\u00edsticas de los territorios ind\u00edgenas<\/strong>.<\/p>\n\n\n\n<p class=\"wp-block-paragraph\">Para definir estas alternativas se contar\u00e1 con el acompa\u00f1amiento de la <strong>CVC y la Secretar\u00eda de Vivienda del Valle<\/strong>, entidades que deber\u00e1n analizar las condiciones particulares de cada territorio antes de establecer los modelos de intervenci\u00f3n.<\/p>\n\n\n\n<p class=\"wp-block-paragraph\">Mientras avanzan los procesos de recuperaci\u00f3n, las comunidades que permanecen en albergues recibir\u00e1n <strong>tejas de zinc y refuerzos en las ayudas humanitarias<\/strong>, de acuerdo con lo anunciado durante la reuni\u00f3n.<\/p>\n\n\n\n<h3 class=\"wp-block-heading\">Recuperaci\u00f3n de instituciones educativas<\/h3>\n\n\n\n<p class=\"wp-block-paragraph\">La atenci\u00f3n tambi\u00e9n incluye las instituciones educativas que resultaron afectadas por el terremoto.<\/p>\n\n\n\n<p class=\"wp-block-paragraph\">Seg\u00fan la informaci\u00f3n entregada durante el encuentro, las acciones previstas beneficiar\u00edan a <strong>1.467 ni\u00f1os de comunidades Emberas<\/strong> en el departamento.<\/p>\n\n\n\n<p class=\"wp-block-paragraph\">La recuperaci\u00f3n de estos espacios representa uno de los retos dentro del proceso posterior a la emergencia, especialmente en territorios donde las condiciones geogr\u00e1ficas y de acceso pueden dificultar la ejecuci\u00f3n de las obras.<\/p>\n\n\n\n<h3 class=\"wp-block-heading\">Comunidades ind\u00edgenas piden mantener la articulaci\u00f3n<\/h3>\n\n\n\n<p class=\"wp-block-paragraph\">Desde Orivac destacaron la disposici\u00f3n de la Gobernaci\u00f3n para mantener el di\u00e1logo y coordinar las acciones relacionadas con la recuperaci\u00f3n de los territorios.<\/p>\n\n\n\n<p class=\"wp-block-paragraph\">La organizaci\u00f3n se\u00f1al\u00f3 que representa a <strong>m\u00e1s de 10.000 integrantes de comunidades ind\u00edgenas<\/strong>, con presencia en municipios como Buenaventura, El Dovio, El \u00c1guila y Argelia, entre otros.<\/p>\n\n\n\n<p class=\"wp-block-paragraph\">La Gobernaci\u00f3n del Valle indic\u00f3 que continuar\u00e1 trabajando con las comunidades ind\u00edgenas y otras poblaciones \u00e9tnicas para avanzar en la recuperaci\u00f3n de las zonas afectadas por el terremoto.<\/p>\n\n\n\n<p class=\"wp-block-paragraph\">Los convenios que se encuentran en elaboraci\u00f3n deber\u00e1n definir las acciones, responsabilidades y mecanismos de ejecuci\u00f3n para materializar las intervenciones anunciadas.<\/p>\n\n\n\n<figure class=\"wp-block-video\"><\/figure>\n","protected":false},"excerpt":{"rendered":"<p>Los convenios contemplan la recuperaci\u00f3n de viviendas, instituciones educativas y espacios comunitarios, con modelos de construcci\u00f3n adaptados a las caracter\u00edsticas culturales y territoriales de las comunidades ind\u00edgenas. La Gobernaci\u00f3n del Valle del Cauca y representantes de la Organizaci\u00f3n Regional Ind\u00edgena del Valle del Cauca, Orivac, avanzaron en la elaboraci\u00f3n de convenios para atender las afectaciones [&hellip;]<\/p>\n","protected":false},"author":3,"featured_media":51297,"comment_status":"open","ping_status":"open","sticky":false,"template":"","format":"video","meta":{"footnotes":""},"categories":[1],"tags":[],"class_list":["post-51296","post","type-post","status-publish","format-video","has-post-thumbnail","hentry","category-uncategorized","post_format-post-format-video"],"_links":{"self":[{"href":"https:\/\/cnctulua.tv\/index.php?rest_route=\/wp\/v2\/posts\/51296","targetHints":{"allow":["GET"]}}],"collection":[{"href":"https:\/\/cnctulua.tv\/index.php?rest_route=\/wp\/v2\/posts"}],"about":[{"href":"https:\/\/cnctulua.tv\/index.php?rest_route=\/wp\/v2\/types\/post"}],"author":[{"embeddable":true,"href":"https:\/\/cnctulua.tv\/index.php?rest_route=\/wp\/v2\/users\/3"}],"replies":[{"embeddable":true,"href":"https:\/\/cnctulua.tv\/index.php?rest_route=%2Fwp%2Fv2%2Fcomments&post=51296"}],"version-history":[{"count":1,"href":"https:\/\/cnctulua.tv\/index.php?rest_route=\/wp\/v2\/posts\/51296\/revisions"}],"predecessor-version":[{"id":51298,"href":"https:\/\/cnctulua.tv\/index.php?rest_route=\/wp\/v2\/posts\/51296\/revisions\/51298"}],"wp:featuredmedia":[{"embeddable":true,"href":"https:\/\/cnctulua.tv\/index.php?rest_route=\/wp\/v2\/media\/51297"}],"wp:attachment":[{"href":"https:\/\/cnctulua.tv\/index.php?rest_route=%2Fwp%2Fv2%2Fmedia&parent=51296"}],"wp:term":[{"taxonomy":"category","embeddable":true,"href":"https:\/\/cnctulua.tv\/index.php?rest_route=%2Fwp%2Fv2%2Fcategories&post=51296"},{"taxonomy":"post_tag","embeddable":true,"href":"https:\/\/cnctulua.tv\/index.php?rest_route=%2Fwp%2Fv2%2Ftags&post=51296"}],"curies":[{"name":"wp","href":"https:\/\/api.w.org\/{rel}","templated":true}]}}