{"id":51321,"date":"2026-09-01T16:15:42","date_gmt":"2026-09-01T16:15:42","guid":{"rendered":"https:\/\/cnctulua.tv\/?p=51321"},"modified":"2026-09-01T16:15:42","modified_gmt":"2026-09-01T16:15:42","slug":"la-cumbre-pasa-de-la-emergencia-a-la-reconstruccion-mas-de-1-600-familias-resultaron-afectadas","status":"publish","type":"post","link":"https:\/\/cnctulua.tv\/?p=51321","title":{"rendered":"LA CUMBRE PASA DE LA EMERGENCIA A LA RECONSTRUCCI\u00d3N: M\u00c1S DE 1.600 FAMILIAS RESULTARON AFECTADAS"},"content":{"rendered":"\n<p class=\"wp-block-paragraph\"><strong>La Cumbre inicia una nueva etapa tras las afectaciones ocasionadas por el terremoto del pasado 10 de agosto. M\u00e1s de 1.600 familias del municipio hacen parte del proceso de recuperaci\u00f3n, mientras las autoridades avanzan en el retiro de escombros y en la preparaci\u00f3n de la reconstrucci\u00f3n de las viviendas.<\/strong><\/p>\n\n\n\n<p class=\"wp-block-paragraph\">Durante un nuevo recorrido por el Valle del Cauca, la gobernadora <strong>Dilian Francisca Toro<\/strong> visit\u00f3 el corregimiento de Lomitas, uno de los sectores afectados, para conocer las condiciones de las comunidades y verificar las acciones adelantadas.<\/p>\n\n\n\n<p class=\"wp-block-paragraph\">De acuerdo con las autoridades municipales, hasta el momento han sido retirados <strong>m\u00e1s de 1.500 metros c\u00fabicos de escombros<\/strong>, con apoyo de maquinaria facilitada por la Gobernaci\u00f3n del Valle.<\/p>\n\n\n\n<p class=\"wp-block-paragraph\">Como parte de este proceso, el departamento entreg\u00f3 una <strong>volqueta<\/strong> para fortalecer las labores de limpieza y retiro de material en las zonas afectadas.<\/p>\n\n\n\n<h3 class=\"wp-block-heading\">Autoconstrucci\u00f3n asistida para recuperar las viviendas<\/h3>\n\n\n\n<p class=\"wp-block-paragraph\">La siguiente etapa contempla una estrategia de <strong>autoconstrucci\u00f3n asistida<\/strong>, mediante la cual las familias recibir\u00edan materiales y acompa\u00f1amiento t\u00e9cnico durante el proceso de reconstrucci\u00f3n.<\/p>\n\n\n\n<p class=\"wp-block-paragraph\">Ingenieros y otros profesionales estar\u00e1n encargados de orientar las obras con el prop\u00f3sito de que las nuevas construcciones cuenten con condiciones adecuadas de seguridad.<\/p>\n\n\n\n<p class=\"wp-block-paragraph\">Este modelo plantea que las familias participen directamente en la recuperaci\u00f3n de sus viviendas, mientras reciben asistencia t\u00e9cnica durante las diferentes etapas de construcci\u00f3n.<\/p>\n\n\n\n<h3 class=\"wp-block-heading\">Atenci\u00f3n a poblaci\u00f3n vulnerable<\/h3>\n\n\n\n<figure class=\"wp-block-embed is-type-video is-provider-youtube wp-block-embed-youtube wp-embed-aspect-16-9 wp-has-aspect-ratio\"><div class=\"wp-block-embed__wrapper\">\n<iframe loading=\"lazy\" title=\"\ud83d\udea8 M\u00c1S DE 1.600 FAMILIAS AFECTADAS EN LA CUMBRE: COMIENZA LA RECONSTRUCCI\u00d3N\" width=\"640\" height=\"360\" src=\"https:\/\/www.youtube.com\/embed\/l-D9SE-bkBY?feature=oembed\" frameborder=\"0\" allow=\"accelerometer; autoplay; clipboard-write; encrypted-media; gyroscope; picture-in-picture; web-share\" referrerpolicy=\"strict-origin-when-cross-origin\" allowfullscreen><\/iframe>\n<\/div><\/figure>\n\n\n\n<p class=\"wp-block-paragraph\">Dentro de las acciones previstas tambi\u00e9n se contempla atenci\u00f3n prioritaria para <strong>personas con discapacidad y adultos mayores<\/strong>, adem\u00e1s de acompa\u00f1amiento psicoemocional para las familias que contin\u00faan enfrentando las consecuencias del terremoto.<\/p>\n\n\n\n<p class=\"wp-block-paragraph\">Para este componente se encuentra disponible la <strong>L\u00ednea 106<\/strong>, con atenci\u00f3n las 24 horas.<\/p>\n\n\n\n<p class=\"wp-block-paragraph\">El alcalde de La Cumbre, <strong>V\u00edctor Alfonso Collazos<\/strong>, destac\u00f3 el acompa\u00f1amiento recibido para avanzar en el retiro de los escombros y la atenci\u00f3n de las comunidades.<\/p>\n\n\n\n<p class=\"wp-block-paragraph\">La Gobernaci\u00f3n del Valle indic\u00f3 que continuar\u00e1 acompa\u00f1ando el proceso de recuperaci\u00f3n de las m\u00e1s de 1.600 familias afectadas.<\/p>\n\n\n\n<p class=\"wp-block-paragraph\">Ahora, el reto para el municipio ser\u00e1 avanzar de la atenci\u00f3n de la emergencia hacia la reconstrucci\u00f3n de las viviendas y establecer c\u00f3mo se desarrollar\u00e1 este proceso en cada una de las comunidades afectadas.<\/p>\n\n\n\n<figure class=\"wp-block-video\"><\/figure>\n","protected":false},"excerpt":{"rendered":"<p>La Cumbre inicia una nueva etapa tras las afectaciones ocasionadas por el terremoto del pasado 10 de agosto. M\u00e1s de 1.600 familias del municipio hacen parte del proceso de recuperaci\u00f3n, mientras las autoridades avanzan en el retiro de escombros y en la preparaci\u00f3n de la reconstrucci\u00f3n de las viviendas. Durante un nuevo recorrido por el [&hellip;]<\/p>\n","protected":false},"author":3,"featured_media":51322,"comment_status":"open","ping_status":"open","sticky":false,"template":"","format":"video","meta":{"footnotes":""},"categories":[10,1515],"tags":[],"class_list":["post-51321","post","type-post","status-publish","format-video","has-post-thumbnail","hentry","category-cnc-noticias-tulua","category-cnc-tulua","post_format-post-format-video"],"_links":{"self":[{"href":"https:\/\/cnctulua.tv\/index.php?rest_route=\/wp\/v2\/posts\/51321","targetHints":{"allow":["GET"]}}],"collection":[{"href":"https:\/\/cnctulua.tv\/index.php?rest_route=\/wp\/v2\/posts"}],"about":[{"href":"https:\/\/cnctulua.tv\/index.php?rest_route=\/wp\/v2\/types\/post"}],"author":[{"embeddable":true,"href":"https:\/\/cnctulua.tv\/index.php?rest_route=\/wp\/v2\/users\/3"}],"replies":[{"embeddable":true,"href":"https:\/\/cnctulua.tv\/index.php?rest_route=%2Fwp%2Fv2%2Fcomments&post=51321"}],"version-history":[{"count":1,"href":"https:\/\/cnctulua.tv\/index.php?rest_route=\/wp\/v2\/posts\/51321\/revisions"}],"predecessor-version":[{"id":51323,"href":"https:\/\/cnctulua.tv\/index.php?rest_route=\/wp\/v2\/posts\/51321\/revisions\/51323"}],"wp:featuredmedia":[{"embeddable":true,"href":"https:\/\/cnctulua.tv\/index.php?rest_route=\/wp\/v2\/media\/51322"}],"wp:attachment":[{"href":"https:\/\/cnctulua.tv\/index.php?rest_route=%2Fwp%2Fv2%2Fmedia&parent=51321"}],"wp:term":[{"taxonomy":"category","embeddable":true,"href":"https:\/\/cnctulua.tv\/index.php?rest_route=%2Fwp%2Fv2%2Fcategories&post=51321"},{"taxonomy":"post_tag","embeddable":true,"href":"https:\/\/cnctulua.tv\/index.php?rest_route=%2Fwp%2Fv2%2Ftags&post=51321"}],"curies":[{"name":"wp","href":"https:\/\/api.w.org\/{rel}","templated":true}]}}