{"id":51339,"date":"2026-09-01T16:32:18","date_gmt":"2026-09-01T16:32:18","guid":{"rendered":"https:\/\/cnctulua.tv\/?p=51339"},"modified":"2026-09-01T16:32:18","modified_gmt":"2026-09-01T16:32:18","slug":"damnificados-del-terremoto-este-4-de-septiembre-vence-el-plazo-para-registrar-las-afectaciones","status":"publish","type":"post","link":"https:\/\/cnctulua.tv\/?p=51339","title":{"rendered":"DAMNIFICADOS DEL TERREMOTO: ESTE 4 DE SEPTIEMBRE VENCE EL PLAZO PARA REGISTRAR LAS AFECTACIONES"},"content":{"rendered":"\n<p class=\"wp-block-paragraph\">Las personas afectadas por el terremoto ocurrido el pasado 10 de agosto en el Valle del Cauca tendr\u00e1n hasta este <strong>4 de septiembre<\/strong> para realizar el registro de sus afectaciones, seg\u00fan inform\u00f3 la Unidad Nacional para la Gesti\u00f3n del Riesgo de Desastres, Ungrd.<\/p>\n\n\n\n<p class=\"wp-block-paragraph\">La entidad reabri\u00f3 la plataforma del <strong>Registro \u00danico de Damnificados, RUD<\/strong>, con el prop\u00f3sito de permitir que quienes todav\u00eda no hayan reportado los da\u00f1os ocasionados por el movimiento tel\u00farico puedan adelantar el proceso.<\/p>\n\n\n\n<p class=\"wp-block-paragraph\">Para realizar el tr\u00e1mite, las familias afectadas deben acercarse a las <strong>alcald\u00edas municipales o a las oficinas de Gesti\u00f3n del Riesgo<\/strong>, donde deber\u00e1n diligenciar el Registro \u00danico Familiar de Emergencia, RUFE.<\/p>\n\n\n\n<figure class=\"wp-block-embed is-type-video is-provider-youtube wp-block-embed-youtube wp-embed-aspect-16-9 wp-has-aspect-ratio\"><div class=\"wp-block-embed__wrapper\">\n<iframe loading=\"lazy\" title=\"\ud83d\udea8 DAMNIFICADOS DEL TERREMOTO: ESTE 4 DE SEPTIEMBRE VENCE EL PLAZO PARA REGISTRARSE\" width=\"640\" height=\"360\" src=\"https:\/\/www.youtube.com\/embed\/86RTQC4boIk?feature=oembed\" frameborder=\"0\" allow=\"accelerometer; autoplay; clipboard-write; encrypted-media; gyroscope; picture-in-picture; web-share\" referrerpolicy=\"strict-origin-when-cross-origin\" allowfullscreen><\/iframe>\n<\/div><\/figure>\n\n\n\n<p class=\"wp-block-paragraph\">Posteriormente, la informaci\u00f3n ser\u00e1 cargada a la plataforma RUD para consolidar los datos correspondientes a las personas afectadas por la emergencia.<\/p>\n\n\n\n<p class=\"wp-block-paragraph\">El secretario de Gesti\u00f3n del Riesgo del Valle, Francisco Tenorio, hizo un llamado a las familias de las zonas urbanas y rurales para que adelanten el registro antes del vencimiento del plazo.<\/p>\n\n\n\n<p class=\"wp-block-paragraph\">Las autoridades se\u00f1alaron que esta informaci\u00f3n permitir\u00e1 consolidar la base de datos de damnificados y facilitar los procesos relacionados con la atenci\u00f3n y las ayudas oficiales.<\/p>\n\n\n\n<p class=\"wp-block-paragraph\"><strong>La fecha l\u00edmite es este 4 de septiembre. \u00bfYa realiz\u00f3 el registro de su afectaci\u00f3n?<\/strong><\/p>\n\n\n\n<figure class=\"wp-block-video\"><\/figure>\n","protected":false},"excerpt":{"rendered":"<p>Las personas afectadas por el terremoto ocurrido el pasado 10 de agosto en el Valle del Cauca tendr\u00e1n hasta este 4 de septiembre para realizar el registro de sus afectaciones, seg\u00fan inform\u00f3 la Unidad Nacional para la Gesti\u00f3n del Riesgo de Desastres, Ungrd. La entidad reabri\u00f3 la plataforma del Registro \u00danico de Damnificados, RUD, con [&hellip;]<\/p>\n","protected":false},"author":3,"featured_media":51340,"comment_status":"open","ping_status":"open","sticky":false,"template":"","format":"video","meta":{"footnotes":""},"categories":[10,1515],"tags":[],"class_list":["post-51339","post","type-post","status-publish","format-video","has-post-thumbnail","hentry","category-cnc-noticias-tulua","category-cnc-tulua","post_format-post-format-video"],"_links":{"self":[{"href":"https:\/\/cnctulua.tv\/index.php?rest_route=\/wp\/v2\/posts\/51339","targetHints":{"allow":["GET"]}}],"collection":[{"href":"https:\/\/cnctulua.tv\/index.php?rest_route=\/wp\/v2\/posts"}],"about":[{"href":"https:\/\/cnctulua.tv\/index.php?rest_route=\/wp\/v2\/types\/post"}],"author":[{"embeddable":true,"href":"https:\/\/cnctulua.tv\/index.php?rest_route=\/wp\/v2\/users\/3"}],"replies":[{"embeddable":true,"href":"https:\/\/cnctulua.tv\/index.php?rest_route=%2Fwp%2Fv2%2Fcomments&post=51339"}],"version-history":[{"count":1,"href":"https:\/\/cnctulua.tv\/index.php?rest_route=\/wp\/v2\/posts\/51339\/revisions"}],"predecessor-version":[{"id":51341,"href":"https:\/\/cnctulua.tv\/index.php?rest_route=\/wp\/v2\/posts\/51339\/revisions\/51341"}],"wp:featuredmedia":[{"embeddable":true,"href":"https:\/\/cnctulua.tv\/index.php?rest_route=\/wp\/v2\/media\/51340"}],"wp:attachment":[{"href":"https:\/\/cnctulua.tv\/index.php?rest_route=%2Fwp%2Fv2%2Fmedia&parent=51339"}],"wp:term":[{"taxonomy":"category","embeddable":true,"href":"https:\/\/cnctulua.tv\/index.php?rest_route=%2Fwp%2Fv2%2Fcategories&post=51339"},{"taxonomy":"post_tag","embeddable":true,"href":"https:\/\/cnctulua.tv\/index.php?rest_route=%2Fwp%2Fv2%2Ftags&post=51339"}],"curies":[{"name":"wp","href":"https:\/\/api.w.org\/{rel}","templated":true}]}}