{"id":51352,"date":"2026-09-02T18:16:35","date_gmt":"2026-09-02T18:16:35","guid":{"rendered":"https:\/\/cnctulua.tv\/?p=51352"},"modified":"2026-09-02T18:16:35","modified_gmt":"2026-09-02T18:16:35","slug":"lograran-los-nuevos-comedores-comunitarios-ampliar-la-atencion-a-los-adultos-mayores-en-tulua","status":"publish","type":"post","link":"https:\/\/cnctulua.tv\/?p=51352","title":{"rendered":"\u00bfLOGRAR\u00c1N LOS NUEVOS COMEDORES COMUNITARIOS AMPLIAR LA ATENCI\u00d3N A LOS ADULTOS MAYORES EN TULU\u00c1?"},"content":{"rendered":"\n<p class=\"wp-block-paragraph\">Los comedores comunitarios regresan a Tulu\u00e1 con una nueva modalidad que contempla dos puntos de atenci\u00f3n, uno en la zona urbana y otro en el corregimiento de La Marina.<\/p>\n\n\n\n<p class=\"wp-block-paragraph\">La estrategia busca facilitar el acceso de los adultos mayores a este beneficio social y ampliar la cobertura del programa tanto en el \u00e1rea urbana como rural del municipio.<\/p>\n\n\n\n<h2 class=\"wp-block-heading\">Inscripciones durante esta semana<\/h2>\n\n\n\n<figure class=\"wp-block-embed is-type-video is-provider-youtube wp-block-embed-youtube wp-embed-aspect-16-9 wp-has-aspect-ratio\"><div class=\"wp-block-embed__wrapper\">\n<iframe loading=\"lazy\" title=\"\u00bfLOGRAR\u00c1N LOS NUEVOS COMEDORES COMUNITARIOS AMPLIAR LA ATENCI\u00d3N A LOS ADULTOS MAYORES EN TULU\u00c1?\" width=\"640\" height=\"360\" src=\"https:\/\/www.youtube.com\/embed\/HhmeTEeTnP8?feature=oembed\" frameborder=\"0\" allow=\"accelerometer; autoplay; clipboard-write; encrypted-media; gyroscope; picture-in-picture; web-share\" referrerpolicy=\"strict-origin-when-cross-origin\" allowfullscreen><\/iframe>\n<\/div><\/figure>\n\n\n\n<p class=\"wp-block-paragraph\">Las inscripciones estar\u00e1n abiertas durante esta semana para las personas mayores que cumplan con los requisitos establecidos y pertenezcan a los grupos A, B y C1 del Sisb\u00e9n.<\/p>\n\n\n\n<p class=\"wp-block-paragraph\">En la zona urbana, los interesados deber\u00e1n acercarse a la Secretar\u00eda de Bienestar Social, ubicada en la transversal 10 con diagonal 22.<\/p>\n\n\n\n<p class=\"wp-block-paragraph\">Mientras tanto, los habitantes del corregimiento de La Marina podr\u00e1n realizar el proceso de inscripci\u00f3n en la vivienda de Marta Luc\u00eda Henao Londo\u00f1o, ubicada en el barrio Altos de La Marina.<\/p>\n\n\n\n<p class=\"wp-block-paragraph\">De acuerdo con la informaci\u00f3n suministrada, la ampliaci\u00f3n del programa responde a una solicitud de la comunidad y busca acercar estos servicios a un mayor n\u00famero de adultos mayores, especialmente en sectores donde el desplazamiento hacia el \u00e1rea urbana puede representar una dificultad.<\/p>\n\n\n\n<p class=\"wp-block-paragraph\">La iniciativa es liderada por la Administraci\u00f3n Municipal, bajo el gobierno del alcalde Gustavo Adolfo V\u00e9lez Rom\u00e1n.<\/p>\n\n\n\n<p class=\"wp-block-paragraph\">Con la apertura de estos dos puntos de atenci\u00f3n queda planteada una pregunta: <strong>\u00bfesta nueva modalidad permitir\u00e1 realmente ampliar la cobertura y facilitar el acceso de los adultos mayores de las zonas urbana y rural de Tulu\u00e1?<\/strong><\/p>\n\n\n\n<figure class=\"wp-block-video\"><\/figure>\n","protected":false},"excerpt":{"rendered":"<p>Los comedores comunitarios regresan a Tulu\u00e1 con una nueva modalidad que contempla dos puntos de atenci\u00f3n, uno en la zona urbana y otro en el corregimiento de La Marina. La estrategia busca facilitar el acceso de los adultos mayores a este beneficio social y ampliar la cobertura del programa tanto en el \u00e1rea urbana como [&hellip;]<\/p>\n","protected":false},"author":3,"featured_media":51353,"comment_status":"open","ping_status":"open","sticky":false,"template":"","format":"video","meta":{"footnotes":""},"categories":[10,1515],"tags":[],"class_list":["post-51352","post","type-post","status-publish","format-video","has-post-thumbnail","hentry","category-cnc-noticias-tulua","category-cnc-tulua","post_format-post-format-video"],"_links":{"self":[{"href":"https:\/\/cnctulua.tv\/index.php?rest_route=\/wp\/v2\/posts\/51352","targetHints":{"allow":["GET"]}}],"collection":[{"href":"https:\/\/cnctulua.tv\/index.php?rest_route=\/wp\/v2\/posts"}],"about":[{"href":"https:\/\/cnctulua.tv\/index.php?rest_route=\/wp\/v2\/types\/post"}],"author":[{"embeddable":true,"href":"https:\/\/cnctulua.tv\/index.php?rest_route=\/wp\/v2\/users\/3"}],"replies":[{"embeddable":true,"href":"https:\/\/cnctulua.tv\/index.php?rest_route=%2Fwp%2Fv2%2Fcomments&post=51352"}],"version-history":[{"count":1,"href":"https:\/\/cnctulua.tv\/index.php?rest_route=\/wp\/v2\/posts\/51352\/revisions"}],"predecessor-version":[{"id":51354,"href":"https:\/\/cnctulua.tv\/index.php?rest_route=\/wp\/v2\/posts\/51352\/revisions\/51354"}],"wp:featuredmedia":[{"embeddable":true,"href":"https:\/\/cnctulua.tv\/index.php?rest_route=\/wp\/v2\/media\/51353"}],"wp:attachment":[{"href":"https:\/\/cnctulua.tv\/index.php?rest_route=%2Fwp%2Fv2%2Fmedia&parent=51352"}],"wp:term":[{"taxonomy":"category","embeddable":true,"href":"https:\/\/cnctulua.tv\/index.php?rest_route=%2Fwp%2Fv2%2Fcategories&post=51352"},{"taxonomy":"post_tag","embeddable":true,"href":"https:\/\/cnctulua.tv\/index.php?rest_route=%2Fwp%2Fv2%2Ftags&post=51352"}],"curies":[{"name":"wp","href":"https:\/\/api.w.org\/{rel}","templated":true}]}}