{"id":51368,"date":"2026-09-02T18:27:12","date_gmt":"2026-09-02T18:27:12","guid":{"rendered":"https:\/\/cnctulua.tv\/?p=51368"},"modified":"2026-09-02T18:27:12","modified_gmt":"2026-09-02T18:27:12","slug":"como-operaban-las-tres-estructuras-senaladas-de-vender-droga-en-tres-comunas-de-cali","status":"publish","type":"post","link":"https:\/\/cnctulua.tv\/?p=51368","title":{"rendered":"\u00bfC\u00d3MO OPERABAN LAS TRES ESTRUCTURAS SE\u00d1ALADAS DE VENDER DROGA EN TRES COMUNAS DE CALI?"},"content":{"rendered":"\n<p class=\"wp-block-paragraph\">Una ofensiva de la Polic\u00eda Metropolitana de Cali permiti\u00f3, seg\u00fan las autoridades, desarticular tres estructuras que estar\u00edan dedicadas al tr\u00e1fico local de estupefacientes en las comunas 11, 12 y 15 de la capital del Valle del Cauca.<\/p>\n\n\n\n<p class=\"wp-block-paragraph\">La investigaci\u00f3n contempl\u00f3 <strong>26 diligencias de allanamiento<\/strong> realizadas en sectores como Ciudad C\u00f3rdoba, Primavera, Rodeo, El Vallado y la invasi\u00f3n Hait\u00ed.<\/p>\n\n\n\n<p class=\"wp-block-paragraph\">Entre las personas se\u00f1aladas por las autoridades como coordinadores de estas organizaciones aparecen alias <strong>\u2018La Gorda\u2019 y \u2018Maritza\u2019<\/strong>, adem\u00e1s de alias <strong>\u2018Candelo\u2019<\/strong>, quien ser\u00eda uno de los presuntos cabecillas.<\/p>\n\n\n\n<h3 class=\"wp-block-heading\">50 mil dosis al mes, seg\u00fan la investigaci\u00f3n<\/h3>\n\n\n\n<figure class=\"wp-block-embed is-type-video is-provider-youtube wp-block-embed-youtube wp-embed-aspect-16-9 wp-has-aspect-ratio\"><div class=\"wp-block-embed__wrapper\">\n<iframe loading=\"lazy\" title=\"\ud83d\udea8 26 ALLANAMIENTOS Y 20 CAPTURADOS: AS\u00cd FUE EL OPERATIVO CONTRA TRES ESTRUCTURAS EN CALI\" width=\"640\" height=\"360\" src=\"https:\/\/www.youtube.com\/embed\/Ndb4Lhc8lAA?feature=oembed\" frameborder=\"0\" allow=\"accelerometer; autoplay; clipboard-write; encrypted-media; gyroscope; picture-in-picture; web-share\" referrerpolicy=\"strict-origin-when-cross-origin\" allowfullscreen><\/iframe>\n<\/div><\/figure>\n\n\n\n<p class=\"wp-block-paragraph\">De acuerdo con la informaci\u00f3n entregada por la Polic\u00eda, las estructuras investigadas tendr\u00edan capacidad para comercializar aproximadamente <strong>50 mil dosis de estupefacientes mensualmente<\/strong>, generando ingresos superiores a los <strong>360 millones de pesos<\/strong>.<\/p>\n\n\n\n<p class=\"wp-block-paragraph\">Durante los procedimientos fueron incautadas alrededor de <strong>3.000 dosis de marihuana y derivados de coca\u00edna<\/strong>, adem\u00e1s de <strong>cinco armas de fuego<\/strong> y otros elementos que quedaron a disposici\u00f3n de las autoridades.<\/p>\n\n\n\n<p class=\"wp-block-paragraph\">La Polic\u00eda tambi\u00e9n indic\u00f3 que las personas capturadas acumular\u00edan en conjunto <strong>m\u00e1s de 80 anotaciones judiciales<\/strong> por diferentes delitos. Estas anotaciones corresponden a registros dentro de procesos o actuaciones judiciales y no necesariamente representan condenas.<\/p>\n\n\n\n<h3 class=\"wp-block-heading\">20 capturados quedaron privados de la libertad<\/h3>\n\n\n\n<p class=\"wp-block-paragraph\">Los capturados fueron presentados ante la Fiscal\u00eda General de la Naci\u00f3n y, de acuerdo con el reporte oficial, <strong>20 de ellos fueron privados de la libertad<\/strong> por los delitos de concierto para delinquir, tr\u00e1fico de estupefacientes y porte ilegal de armas de fuego.<\/p>\n\n\n\n<p class=\"wp-block-paragraph\">Las dem\u00e1s personas capturadas quedaron en libertad, aunque continuar\u00e1n vinculadas al proceso investigativo.<\/p>\n\n\n\n<p class=\"wp-block-paragraph\">El caso continuar\u00e1 ahora en manos de las autoridades judiciales, que deber\u00e1n determinar las responsabilidades individuales de las personas investigadas.<\/p>\n\n\n\n<p class=\"wp-block-paragraph\"><strong>\u00bfQu\u00e9 impacto tendr\u00e1 la desarticulaci\u00f3n de estas estructuras en el tr\u00e1fico local de estupefacientes en las comunas intervenidas?<\/strong><\/p>\n\n\n\n<figure class=\"wp-block-video\"><\/figure>\n","protected":false},"excerpt":{"rendered":"<p>Una ofensiva de la Polic\u00eda Metropolitana de Cali permiti\u00f3, seg\u00fan las autoridades, desarticular tres estructuras que estar\u00edan dedicadas al tr\u00e1fico local de estupefacientes en las comunas 11, 12 y 15 de la capital del Valle del Cauca. La investigaci\u00f3n contempl\u00f3 26 diligencias de allanamiento realizadas en sectores como Ciudad C\u00f3rdoba, Primavera, Rodeo, El Vallado y [&hellip;]<\/p>\n","protected":false},"author":3,"featured_media":51369,"comment_status":"open","ping_status":"open","sticky":false,"template":"","format":"video","meta":{"footnotes":""},"categories":[10,1515],"tags":[],"class_list":["post-51368","post","type-post","status-publish","format-video","has-post-thumbnail","hentry","category-cnc-noticias-tulua","category-cnc-tulua","post_format-post-format-video"],"_links":{"self":[{"href":"https:\/\/cnctulua.tv\/index.php?rest_route=\/wp\/v2\/posts\/51368","targetHints":{"allow":["GET"]}}],"collection":[{"href":"https:\/\/cnctulua.tv\/index.php?rest_route=\/wp\/v2\/posts"}],"about":[{"href":"https:\/\/cnctulua.tv\/index.php?rest_route=\/wp\/v2\/types\/post"}],"author":[{"embeddable":true,"href":"https:\/\/cnctulua.tv\/index.php?rest_route=\/wp\/v2\/users\/3"}],"replies":[{"embeddable":true,"href":"https:\/\/cnctulua.tv\/index.php?rest_route=%2Fwp%2Fv2%2Fcomments&post=51368"}],"version-history":[{"count":1,"href":"https:\/\/cnctulua.tv\/index.php?rest_route=\/wp\/v2\/posts\/51368\/revisions"}],"predecessor-version":[{"id":51370,"href":"https:\/\/cnctulua.tv\/index.php?rest_route=\/wp\/v2\/posts\/51368\/revisions\/51370"}],"wp:featuredmedia":[{"embeddable":true,"href":"https:\/\/cnctulua.tv\/index.php?rest_route=\/wp\/v2\/media\/51369"}],"wp:attachment":[{"href":"https:\/\/cnctulua.tv\/index.php?rest_route=%2Fwp%2Fv2%2Fmedia&parent=51368"}],"wp:term":[{"taxonomy":"category","embeddable":true,"href":"https:\/\/cnctulua.tv\/index.php?rest_route=%2Fwp%2Fv2%2Fcategories&post=51368"},{"taxonomy":"post_tag","embeddable":true,"href":"https:\/\/cnctulua.tv\/index.php?rest_route=%2Fwp%2Fv2%2Ftags&post=51368"}],"curies":[{"name":"wp","href":"https:\/\/api.w.org\/{rel}","templated":true}]}}