{"id":51374,"date":"2026-09-02T18:30:59","date_gmt":"2026-09-02T18:30:59","guid":{"rendered":"https:\/\/cnctulua.tv\/?p=51374"},"modified":"2026-09-02T18:30:59","modified_gmt":"2026-09-02T18:30:59","slug":"por-que-fue-retenida-una-embarcacion-con-221-metros-cubicos-de-madera-en-buenaventura","status":"publish","type":"post","link":"https:\/\/cnctulua.tv\/?p=51374","title":{"rendered":"\u00bfPOR QU\u00c9 FUE RETENIDA UNA EMBARCACI\u00d3N CON 221 METROS C\u00daBICOS DE MADERA EN BUENAVENTURA?"},"content":{"rendered":"\n<p class=\"wp-block-paragraph\">La Armada de Colombia report\u00f3 la retenci\u00f3n de <strong>221 metros c\u00fabicos de madera<\/strong> que eran transportados de manera irregular a bordo de una embarcaci\u00f3n tipo remolcador, durante un procedimiento realizado en el sector de Isla P\u00e1jaro, en la bah\u00eda interna de Buenaventura.<\/p>\n\n\n\n<p class=\"wp-block-paragraph\">La operaci\u00f3n se desarroll\u00f3 en el marco de controles mar\u00edtimos y fluviales orientados a la protecci\u00f3n de los recursos naturales. Tras detectar la embarcaci\u00f3n, una unidad de reacci\u00f3n r\u00e1pida realiz\u00f3 la inspecci\u00f3n y verificaci\u00f3n de la carga.<\/p>\n\n\n\n<p class=\"wp-block-paragraph\">Durante el procedimiento, las autoridades establecieron que el volumen de madera transportado <strong>superaba los l\u00edmites autorizados por la autoridad ambiental<\/strong>. Esta situaci\u00f3n tambi\u00e9n habr\u00eda comprometido las condiciones de seguridad para la navegaci\u00f3n y representaba un riesgo para los seis tripulantes que se encontraban a bordo.<\/p>\n\n\n\n<h3 class=\"wp-block-heading\">\u00bfQu\u00e9 tipo de madera era transportada?<\/h3>\n\n\n\n<figure class=\"wp-block-embed is-type-video is-provider-youtube wp-block-embed-youtube wp-embed-aspect-16-9 wp-has-aspect-ratio\"><div class=\"wp-block-embed__wrapper\">\n<iframe loading=\"lazy\" title=\"\ud83d\udea2 RETIENEN REMOLCADOR CON 221 METROS C\u00daBICOS DE MADERA EN BUENAVENTURA\" width=\"640\" height=\"360\" src=\"https:\/\/www.youtube.com\/embed\/yEW6XVQs8pw?feature=oembed\" frameborder=\"0\" allow=\"accelerometer; autoplay; clipboard-write; encrypted-media; gyroscope; picture-in-picture; web-share\" referrerpolicy=\"strict-origin-when-cross-origin\" allowfullscreen><\/iframe>\n<\/div><\/figure>\n\n\n\n<p class=\"wp-block-paragraph\">Funcionarios del Establecimiento P\u00fablico Ambiental, EPA, realizaron la verificaci\u00f3n del material y determinaron que la carga estaba compuesta por:<\/p>\n\n\n\n<ul class=\"wp-block-list\">\n<li><strong>124 metros c\u00fabicos de madera tipo soroga.<\/strong><\/li>\n\n\n\n<li><strong>97 metros c\u00fabicos de madera tipo caimito.<\/strong><\/li>\n<\/ul>\n\n\n\n<p class=\"wp-block-paragraph\">En total, fueron contabilizados <strong>221 metros c\u00fabicos de productos forestales<\/strong>.<\/p>\n\n\n\n<p class=\"wp-block-paragraph\">El procedimiento qued\u00f3 a disposici\u00f3n de las autoridades competentes, que deber\u00e1n determinar las actuaciones correspondientes frente al transporte irregular de la madera.<\/p>\n\n\n\n<p class=\"wp-block-paragraph\">La Armada de Colombia inform\u00f3 que continuar\u00e1 realizando controles en las zonas mar\u00edtimas, fluviales y costeras del Pac\u00edfico para prevenir el transporte irregular de productos forestales y contribuir a la protecci\u00f3n de los ecosistemas y la biodiversidad.<\/p>\n\n\n\n<p class=\"wp-block-paragraph\">El caso tambi\u00e9n deja abierta una inquietud: <strong>\u00bfde d\u00f3nde proven\u00eda la madera y cu\u00e1l era su destino final?<\/strong><\/p>\n\n\n\n<figure class=\"wp-block-video\"><\/figure>\n","protected":false},"excerpt":{"rendered":"<p>La Armada de Colombia report\u00f3 la retenci\u00f3n de 221 metros c\u00fabicos de madera que eran transportados de manera irregular a bordo de una embarcaci\u00f3n tipo remolcador, durante un procedimiento realizado en el sector de Isla P\u00e1jaro, en la bah\u00eda interna de Buenaventura. La operaci\u00f3n se desarroll\u00f3 en el marco de controles mar\u00edtimos y fluviales orientados [&hellip;]<\/p>\n","protected":false},"author":3,"featured_media":51375,"comment_status":"open","ping_status":"open","sticky":false,"template":"","format":"video","meta":{"footnotes":""},"categories":[10,1515],"tags":[],"class_list":["post-51374","post","type-post","status-publish","format-video","has-post-thumbnail","hentry","category-cnc-noticias-tulua","category-cnc-tulua","post_format-post-format-video"],"_links":{"self":[{"href":"https:\/\/cnctulua.tv\/index.php?rest_route=\/wp\/v2\/posts\/51374","targetHints":{"allow":["GET"]}}],"collection":[{"href":"https:\/\/cnctulua.tv\/index.php?rest_route=\/wp\/v2\/posts"}],"about":[{"href":"https:\/\/cnctulua.tv\/index.php?rest_route=\/wp\/v2\/types\/post"}],"author":[{"embeddable":true,"href":"https:\/\/cnctulua.tv\/index.php?rest_route=\/wp\/v2\/users\/3"}],"replies":[{"embeddable":true,"href":"https:\/\/cnctulua.tv\/index.php?rest_route=%2Fwp%2Fv2%2Fcomments&post=51374"}],"version-history":[{"count":1,"href":"https:\/\/cnctulua.tv\/index.php?rest_route=\/wp\/v2\/posts\/51374\/revisions"}],"predecessor-version":[{"id":51376,"href":"https:\/\/cnctulua.tv\/index.php?rest_route=\/wp\/v2\/posts\/51374\/revisions\/51376"}],"wp:featuredmedia":[{"embeddable":true,"href":"https:\/\/cnctulua.tv\/index.php?rest_route=\/wp\/v2\/media\/51375"}],"wp:attachment":[{"href":"https:\/\/cnctulua.tv\/index.php?rest_route=%2Fwp%2Fv2%2Fmedia&parent=51374"}],"wp:term":[{"taxonomy":"category","embeddable":true,"href":"https:\/\/cnctulua.tv\/index.php?rest_route=%2Fwp%2Fv2%2Fcategories&post=51374"},{"taxonomy":"post_tag","embeddable":true,"href":"https:\/\/cnctulua.tv\/index.php?rest_route=%2Fwp%2Fv2%2Ftags&post=51374"}],"curies":[{"name":"wp","href":"https:\/\/api.w.org\/{rel}","templated":true}]}}