{"id":51377,"date":"2026-09-02T18:34:03","date_gmt":"2026-09-02T18:34:03","guid":{"rendered":"https:\/\/cnctulua.tv\/?p=51377"},"modified":"2026-09-02T18:34:03","modified_gmt":"2026-09-02T18:34:03","slug":"cuando-podria-normalizarse-por-completo-el-servicio-de-energia-tras-el-sismo-en-el-valle","status":"publish","type":"post","link":"https:\/\/cnctulua.tv\/?p=51377","title":{"rendered":"\u00bfCU\u00c1NDO PODR\u00cdA NORMALIZARSE POR COMPLETO EL SERVICIO DE ENERG\u00cdA TRAS EL SISMO EN EL VALLE?"},"content":{"rendered":"\n<p class=\"wp-block-paragraph\">Tras el sismo registrado el pasado 10 de agosto, Celsia activ\u00f3 sus protocolos de emergencia y despleg\u00f3 equipos t\u00e9cnicos y operativos para evaluar las afectaciones ocasionadas en la infraestructura el\u00e9ctrica.<\/p>\n\n\n\n<p class=\"wp-block-paragraph\">De acuerdo con Luis Mario Correa, l\u00edder de Mantenimiento TyD de Celsia, la atenci\u00f3n comenz\u00f3 con un diagn\u00f3stico en territorio para identificar los puntos cr\u00edticos y establecer las prioridades de intervenci\u00f3n.<\/p>\n\n\n\n<p class=\"wp-block-paragraph\">Los trabajos han enfrentado dificultades log\u00edsticas en algunas zonas, principalmente por las condiciones del terreno y los problemas de acceso, lo que ha requerido una operaci\u00f3n coordinada para garantizar la seguridad de los trabajadores y de las comunidades.<\/p>\n\n\n\n<h3 class=\"wp-block-heading\">Equipos contin\u00faan desplegados en las zonas afectadas<\/h3>\n\n\n\n<figure class=\"wp-block-embed is-type-video is-provider-youtube wp-block-embed-youtube wp-embed-aspect-4-3 wp-has-aspect-ratio\"><div class=\"wp-block-embed__wrapper\">\n<iframe loading=\"lazy\" title=\"\u26a1 EQUIPOS DE CEL SIA CONTIN\u00daAN TRABAJANDO PARA RECUPERAR LA RED EL\u00c9CTRICA TRAS EL SISMO\" width=\"640\" height=\"480\" src=\"https:\/\/www.youtube.com\/embed\/SAkjIspXtL0?feature=oembed\" frameborder=\"0\" allow=\"accelerometer; autoplay; clipboard-write; encrypted-media; gyroscope; picture-in-picture; web-share\" referrerpolicy=\"strict-origin-when-cross-origin\" allowfullscreen><\/iframe>\n<\/div><\/figure>\n\n\n\n<p class=\"wp-block-paragraph\">Los equipos t\u00e9cnicos permanecen en diferentes puntos realizando labores de revisi\u00f3n, reparaci\u00f3n y normalizaci\u00f3n de la infraestructura el\u00e9ctrica.<\/p>\n\n\n\n<p class=\"wp-block-paragraph\">La compa\u00f1\u00eda explic\u00f3 que el restablecimiento completo del servicio depende de las condiciones particulares de cada sector y de la magnitud de los da\u00f1os encontrados durante las inspecciones.<\/p>\n\n\n\n<p class=\"wp-block-paragraph\">Mientras avanzan las intervenciones, Celsia mantiene personal en territorio y contin\u00faa con las labores encaminadas a recuperar progresivamente el servicio en las zonas afectadas.<\/p>\n\n\n\n<p class=\"wp-block-paragraph\">La empresa tambi\u00e9n inform\u00f3 que mantiene sus canales de atenci\u00f3n y reiter\u00f3 que sus equipos continuar\u00e1n trabajando durante el proceso de recuperaci\u00f3n.<\/p>\n\n\n\n<p class=\"wp-block-paragraph\">El avance de las labores deja una inquietud entre las comunidades afectadas: <strong>\u00bfcu\u00e1nto tiempo tomar\u00e1 recuperar completamente la infraestructura el\u00e9ctrica en los sectores donde los da\u00f1os fueron mayores?<\/strong><\/p>\n\n\n\n<figure class=\"wp-block-video\"><\/figure>\n","protected":false},"excerpt":{"rendered":"<p>Tras el sismo registrado el pasado 10 de agosto, Celsia activ\u00f3 sus protocolos de emergencia y despleg\u00f3 equipos t\u00e9cnicos y operativos para evaluar las afectaciones ocasionadas en la infraestructura el\u00e9ctrica. De acuerdo con Luis Mario Correa, l\u00edder de Mantenimiento TyD de Celsia, la atenci\u00f3n comenz\u00f3 con un diagn\u00f3stico en territorio para identificar los puntos cr\u00edticos [&hellip;]<\/p>\n","protected":false},"author":3,"featured_media":51378,"comment_status":"open","ping_status":"open","sticky":false,"template":"","format":"video","meta":{"footnotes":""},"categories":[10,1515],"tags":[],"class_list":["post-51377","post","type-post","status-publish","format-video","has-post-thumbnail","hentry","category-cnc-noticias-tulua","category-cnc-tulua","post_format-post-format-video"],"_links":{"self":[{"href":"https:\/\/cnctulua.tv\/index.php?rest_route=\/wp\/v2\/posts\/51377","targetHints":{"allow":["GET"]}}],"collection":[{"href":"https:\/\/cnctulua.tv\/index.php?rest_route=\/wp\/v2\/posts"}],"about":[{"href":"https:\/\/cnctulua.tv\/index.php?rest_route=\/wp\/v2\/types\/post"}],"author":[{"embeddable":true,"href":"https:\/\/cnctulua.tv\/index.php?rest_route=\/wp\/v2\/users\/3"}],"replies":[{"embeddable":true,"href":"https:\/\/cnctulua.tv\/index.php?rest_route=%2Fwp%2Fv2%2Fcomments&post=51377"}],"version-history":[{"count":1,"href":"https:\/\/cnctulua.tv\/index.php?rest_route=\/wp\/v2\/posts\/51377\/revisions"}],"predecessor-version":[{"id":51379,"href":"https:\/\/cnctulua.tv\/index.php?rest_route=\/wp\/v2\/posts\/51377\/revisions\/51379"}],"wp:featuredmedia":[{"embeddable":true,"href":"https:\/\/cnctulua.tv\/index.php?rest_route=\/wp\/v2\/media\/51378"}],"wp:attachment":[{"href":"https:\/\/cnctulua.tv\/index.php?rest_route=%2Fwp%2Fv2%2Fmedia&parent=51377"}],"wp:term":[{"taxonomy":"category","embeddable":true,"href":"https:\/\/cnctulua.tv\/index.php?rest_route=%2Fwp%2Fv2%2Fcategories&post=51377"},{"taxonomy":"post_tag","embeddable":true,"href":"https:\/\/cnctulua.tv\/index.php?rest_route=%2Fwp%2Fv2%2Ftags&post=51377"}],"curies":[{"name":"wp","href":"https:\/\/api.w.org\/{rel}","templated":true}]}}