{"id":51380,"date":"2026-09-02T18:40:21","date_gmt":"2026-09-02T18:40:21","guid":{"rendered":"https:\/\/cnctulua.tv\/?p=51380"},"modified":"2026-09-02T18:40:21","modified_gmt":"2026-09-02T18:40:21","slug":"como-avanza-la-atencion-a-las-familias-afectadas-por-el-sismo-en-buenaventura","status":"publish","type":"post","link":"https:\/\/cnctulua.tv\/?p=51380","title":{"rendered":"\u00bfC\u00d3MO AVANZA LA ATENCI\u00d3N A LAS FAMILIAS AFECTADAS POR EL SISMO EN BUENAVENTURA?"},"content":{"rendered":"\n<p class=\"wp-block-paragraph\">La atenci\u00f3n a las familias afectadas por el sismo registrado el pasado 10 de agosto contin\u00faa en Buenaventura, donde se mantienen jornadas de acompa\u00f1amiento institucional y acciones dirigidas a las comunidades damnificadas.<\/p>\n\n\n\n<p class=\"wp-block-paragraph\">De acuerdo con la Gobernaci\u00f3n del Valle, en la comuna 8 se realiz\u00f3 una jornada integral que permiti\u00f3 acercar servicios de salud a las familias, adem\u00e1s de actividades dirigidas a los ni\u00f1os, entrega de juguetes y espacios de integraci\u00f3n comunitaria.<\/p>\n\n\n\n<p class=\"wp-block-paragraph\">Durante la jornada, una de las personas afectadas destac\u00f3 la posibilidad de acceder a servicios como medicina general, pruebas r\u00e1pidas de VIH y desparasitaci\u00f3n para los menores.<\/p>\n\n\n\n<figure class=\"wp-block-embed is-type-video is-provider-youtube wp-block-embed-youtube wp-embed-aspect-16-9 wp-has-aspect-ratio\"><div class=\"wp-block-embed__wrapper\">\n<iframe loading=\"lazy\" title=\"\ud83c\udfe0 BUENAVENTURA ENTRA EN NUEVA FASE TRAS EL SISMO: CENSO SER\u00c1 CLAVE PARA LA RECONSTRUCCI\u00d3N\" width=\"640\" height=\"360\" src=\"https:\/\/www.youtube.com\/embed\/C79AQVVi-kU?feature=oembed\" frameborder=\"0\" allow=\"accelerometer; autoplay; clipboard-write; encrypted-media; gyroscope; picture-in-picture; web-share\" referrerpolicy=\"strict-origin-when-cross-origin\" allowfullscreen><\/iframe>\n<\/div><\/figure>\n\n\n\n<p class=\"wp-block-paragraph\">La Gestora Social del departamento, Jimena Toro, se\u00f1al\u00f3 que el acompa\u00f1amiento institucional se mantiene desde los primeros d\u00edas de la emergencia y que actualmente el proceso avanza hacia una segunda fase, relacionada con la reconstrucci\u00f3n.<\/p>\n\n\n\n<p class=\"wp-block-paragraph\">En esta etapa, el censo de las familias afectadas tendr\u00e1 un papel fundamental para establecer qui\u00e9nes requieren las ayudas que puedan ser destinadas por el Gobierno Nacional, la Gobernaci\u00f3n del Valle y la Alcald\u00eda de Buenaventura.<\/p>\n\n\n\n<p class=\"wp-block-paragraph\">Las acciones tambi\u00e9n han incluido la entrega de ayudas humanitarias, entre ellas alimentos y colchonetas. A estas labores se han sumado organizaciones, empresas y ciudadanos que han realizado aportes para apoyar a las comunidades afectadas.<\/p>\n\n\n\n<p class=\"wp-block-paragraph\">La Gobernaci\u00f3n indic\u00f3 que Buenaventura hace parte de la estrategia de reconstrucci\u00f3n y que continuar\u00e1 el trabajo conjunto con las comunidades y las diferentes instituciones.<\/p>\n\n\n\n<p class=\"wp-block-paragraph\">Mientras avanzan estas acciones, uno de los principales retos ser\u00e1 determinar las necesidades de cada familia y definir c\u00f3mo se desarrollar\u00e1 la siguiente etapa del proceso de recuperaci\u00f3n.<\/p>\n\n\n\n<figure class=\"wp-block-video\"><\/figure>\n","protected":false},"excerpt":{"rendered":"<p>La atenci\u00f3n a las familias afectadas por el sismo registrado el pasado 10 de agosto contin\u00faa en Buenaventura, donde se mantienen jornadas de acompa\u00f1amiento institucional y acciones dirigidas a las comunidades damnificadas. De acuerdo con la Gobernaci\u00f3n del Valle, en la comuna 8 se realiz\u00f3 una jornada integral que permiti\u00f3 acercar servicios de salud a [&hellip;]<\/p>\n","protected":false},"author":3,"featured_media":51381,"comment_status":"open","ping_status":"open","sticky":false,"template":"","format":"video","meta":{"footnotes":""},"categories":[10,1515],"tags":[],"class_list":["post-51380","post","type-post","status-publish","format-video","has-post-thumbnail","hentry","category-cnc-noticias-tulua","category-cnc-tulua","post_format-post-format-video"],"_links":{"self":[{"href":"https:\/\/cnctulua.tv\/index.php?rest_route=\/wp\/v2\/posts\/51380","targetHints":{"allow":["GET"]}}],"collection":[{"href":"https:\/\/cnctulua.tv\/index.php?rest_route=\/wp\/v2\/posts"}],"about":[{"href":"https:\/\/cnctulua.tv\/index.php?rest_route=\/wp\/v2\/types\/post"}],"author":[{"embeddable":true,"href":"https:\/\/cnctulua.tv\/index.php?rest_route=\/wp\/v2\/users\/3"}],"replies":[{"embeddable":true,"href":"https:\/\/cnctulua.tv\/index.php?rest_route=%2Fwp%2Fv2%2Fcomments&post=51380"}],"version-history":[{"count":1,"href":"https:\/\/cnctulua.tv\/index.php?rest_route=\/wp\/v2\/posts\/51380\/revisions"}],"predecessor-version":[{"id":51382,"href":"https:\/\/cnctulua.tv\/index.php?rest_route=\/wp\/v2\/posts\/51380\/revisions\/51382"}],"wp:featuredmedia":[{"embeddable":true,"href":"https:\/\/cnctulua.tv\/index.php?rest_route=\/wp\/v2\/media\/51381"}],"wp:attachment":[{"href":"https:\/\/cnctulua.tv\/index.php?rest_route=%2Fwp%2Fv2%2Fmedia&parent=51380"}],"wp:term":[{"taxonomy":"category","embeddable":true,"href":"https:\/\/cnctulua.tv\/index.php?rest_route=%2Fwp%2Fv2%2Fcategories&post=51380"},{"taxonomy":"post_tag","embeddable":true,"href":"https:\/\/cnctulua.tv\/index.php?rest_route=%2Fwp%2Fv2%2Ftags&post=51380"}],"curies":[{"name":"wp","href":"https:\/\/api.w.org\/{rel}","templated":true}]}}