{"id":51389,"date":"2026-09-02T18:46:27","date_gmt":"2026-09-02T18:46:27","guid":{"rendered":"https:\/\/cnctulua.tv\/?p=51389"},"modified":"2026-09-02T18:46:27","modified_gmt":"2026-09-02T18:46:27","slug":"sera-suficiente-el-refuerzo-de-seguridad-para-acompanar-la-recuperacion-del-valle-tras-el-terremoto","status":"publish","type":"post","link":"https:\/\/cnctulua.tv\/?p=51389","title":{"rendered":"\u00bfSER\u00c1 SUFICIENTE EL REFUERZO DE SEGURIDAD PARA ACOMPA\u00d1AR LA RECUPERACI\u00d3N DEL VALLE TRAS EL TERREMOTO?"},"content":{"rendered":"\n<p class=\"wp-block-paragraph\">Nuevas medidas de seguridad y acompa\u00f1amiento a los municipios afectados por el terremoto del pasado 10 de agosto fueron anunciadas durante el Consejo de Seguridad Departamental, liderado por la gobernadora del Valle del Cauca, Dilian Francisca Toro.<\/p>\n\n\n\n<p class=\"wp-block-paragraph\">Entre las acciones planteadas se encuentran operaciones conjuntas entre el Ej\u00e9rcito y la Polic\u00eda en municipios del norte del departamento y en Calima-El Dari\u00e9n, donde las autoridades mantienen intervenciones relacionadas con los hechos de inseguridad registrados en esa zona.<\/p>\n\n\n\n<p class=\"wp-block-paragraph\">La Gobernaci\u00f3n tambi\u00e9n inform\u00f3 sobre un esquema de acompa\u00f1amiento para los comerciantes de San Andresito del Sur, en Cali, quienes resultaron afectados por la emergencia. El objetivo, seg\u00fan lo anunciado, es brindar condiciones de seguridad que permitan la continuidad de sus actividades comerciales.<\/p>\n\n\n\n<figure class=\"wp-block-embed is-type-video is-provider-youtube wp-block-embed-youtube wp-embed-aspect-16-9 wp-has-aspect-ratio\"><div class=\"wp-block-embed__wrapper\">\n<iframe loading=\"lazy\" title=\"\ud83d\udea8 EJ\u00c9RCITO Y POLIC\u00cdA REFORZAR\u00c1N OPERATIVOS EN ZONAS AFECTADAS POR EL TERREMOTO EN EL VALLE\" width=\"640\" height=\"360\" src=\"https:\/\/www.youtube.com\/embed\/IKNYNhaROpo?feature=oembed\" frameborder=\"0\" allow=\"accelerometer; autoplay; clipboard-write; encrypted-media; gyroscope; picture-in-picture; web-share\" referrerpolicy=\"strict-origin-when-cross-origin\" allowfullscreen><\/iframe>\n<\/div><\/figure>\n\n\n\n<p class=\"wp-block-paragraph\">El componente econ\u00f3mico tambi\u00e9n fue incluido dentro de las medidas. Con acompa\u00f1amiento de la Fuerza P\u00fablica se proyectan caravanas de solidaridad hacia Sevilla, Roldanillo y el Distrito de Buenaventura, como una estrategia para incentivar la actividad econ\u00f3mica en estos territorios.<\/p>\n\n\n\n<p class=\"wp-block-paragraph\">En Buenaventura, adem\u00e1s, se contempla impulsar nuevamente el turismo relacionado con el avistamiento de ballenas, actividad que representa una fuente de ingresos para diferentes sectores de la econom\u00eda local.<\/p>\n\n\n\n<p class=\"wp-block-paragraph\">La Gobernaci\u00f3n se\u00f1al\u00f3 que el proceso de recuperaci\u00f3n debe contemplar, adem\u00e1s de la infraestructura, aspectos relacionados con el empleo, los ingresos y las condiciones sociales de las comunidades afectadas.<\/p>\n\n\n\n<p class=\"wp-block-paragraph\">En el Consejo de Seguridad participaron representantes de la Polic\u00eda, Ej\u00e9rcito, Fuerza A\u00e9rea, Fiscal\u00eda, Medicina Legal, Procuradur\u00eda, Defensor\u00eda del Pueblo y Migraci\u00f3n Colombia.<\/p>\n\n\n\n<p class=\"wp-block-paragraph\">Durante el encuentro tambi\u00e9n se abordaron las acciones desarrolladas despu\u00e9s del terremoto y el trabajo de los organismos de seguridad y atenci\u00f3n de emergencias.<\/p>\n\n\n\n<p class=\"wp-block-paragraph\">El desaf\u00edo ahora ser\u00e1 determinar si estas medidas logran responder simult\u00e1neamente a las necesidades de seguridad y a la recuperaci\u00f3n econ\u00f3mica de los municipios que a\u00fan enfrentan los efectos de la emergencia.<\/p>\n\n\n\n<figure class=\"wp-block-video\"><\/figure>\n","protected":false},"excerpt":{"rendered":"<p>Nuevas medidas de seguridad y acompa\u00f1amiento a los municipios afectados por el terremoto del pasado 10 de agosto fueron anunciadas durante el Consejo de Seguridad Departamental, liderado por la gobernadora del Valle del Cauca, Dilian Francisca Toro. Entre las acciones planteadas se encuentran operaciones conjuntas entre el Ej\u00e9rcito y la Polic\u00eda en municipios del norte [&hellip;]<\/p>\n","protected":false},"author":3,"featured_media":51390,"comment_status":"open","ping_status":"open","sticky":false,"template":"","format":"video","meta":{"footnotes":""},"categories":[10,1515],"tags":[],"class_list":["post-51389","post","type-post","status-publish","format-video","has-post-thumbnail","hentry","category-cnc-noticias-tulua","category-cnc-tulua","post_format-post-format-video"],"_links":{"self":[{"href":"https:\/\/cnctulua.tv\/index.php?rest_route=\/wp\/v2\/posts\/51389","targetHints":{"allow":["GET"]}}],"collection":[{"href":"https:\/\/cnctulua.tv\/index.php?rest_route=\/wp\/v2\/posts"}],"about":[{"href":"https:\/\/cnctulua.tv\/index.php?rest_route=\/wp\/v2\/types\/post"}],"author":[{"embeddable":true,"href":"https:\/\/cnctulua.tv\/index.php?rest_route=\/wp\/v2\/users\/3"}],"replies":[{"embeddable":true,"href":"https:\/\/cnctulua.tv\/index.php?rest_route=%2Fwp%2Fv2%2Fcomments&post=51389"}],"version-history":[{"count":1,"href":"https:\/\/cnctulua.tv\/index.php?rest_route=\/wp\/v2\/posts\/51389\/revisions"}],"predecessor-version":[{"id":51391,"href":"https:\/\/cnctulua.tv\/index.php?rest_route=\/wp\/v2\/posts\/51389\/revisions\/51391"}],"wp:featuredmedia":[{"embeddable":true,"href":"https:\/\/cnctulua.tv\/index.php?rest_route=\/wp\/v2\/media\/51390"}],"wp:attachment":[{"href":"https:\/\/cnctulua.tv\/index.php?rest_route=%2Fwp%2Fv2%2Fmedia&parent=51389"}],"wp:term":[{"taxonomy":"category","embeddable":true,"href":"https:\/\/cnctulua.tv\/index.php?rest_route=%2Fwp%2Fv2%2Fcategories&post=51389"},{"taxonomy":"post_tag","embeddable":true,"href":"https:\/\/cnctulua.tv\/index.php?rest_route=%2Fwp%2Fv2%2Ftags&post=51389"}],"curies":[{"name":"wp","href":"https:\/\/api.w.org\/{rel}","templated":true}]}}