{"id":51392,"date":"2026-09-02T18:48:30","date_gmt":"2026-09-02T18:48:30","guid":{"rendered":"https:\/\/cnctulua.tv\/?p=51392"},"modified":"2026-09-02T18:48:30","modified_gmt":"2026-09-02T18:48:30","slug":"como-se-definiran-las-prioridades-para-la-reconstruccion-del-valle-tras-el-terremoto","status":"publish","type":"post","link":"https:\/\/cnctulua.tv\/?p=51392","title":{"rendered":"\u00bfC\u00d3MO SE DEFINIR\u00c1N LAS PRIORIDADES PARA LA RECONSTRUCCI\u00d3N DEL VALLE TRAS EL TERREMOTO?"},"content":{"rendered":"\n<p class=\"wp-block-paragraph\">Los indicadores utilizados para establecer las prioridades de reconstrucci\u00f3n en los municipios afectados por el terremoto del pasado 10 de agosto fueron presentados ante la Asamblea Departamental durante una sesi\u00f3n virtual.<\/p>\n\n\n\n<p class=\"wp-block-paragraph\">Adri\u00e1n Zamora, gerente para la reconstrucci\u00f3n del Valle del Cauca, explic\u00f3 que desde los primeros d\u00edas de la emergencia se puso en funcionamiento un centro de informaci\u00f3n encargado de consolidar datos provenientes de diferentes fuentes, con el prop\u00f3sito de obtener una visi\u00f3n general de las afectaciones.<\/p>\n\n\n\n<figure class=\"wp-block-embed is-type-video is-provider-youtube wp-block-embed-youtube wp-embed-aspect-16-9 wp-has-aspect-ratio\"><div class=\"wp-block-embed__wrapper\">\n<iframe loading=\"lazy\" title=\"\ud83d\udcca DOS \u00cdNDICES DEFINIR\u00c1N LAS PRIORIDADES PARA RECONSTRUIR EL VALLE TRAS EL TERREMOTO\" width=\"640\" height=\"360\" src=\"https:\/\/www.youtube.com\/embed\/O2cQc1kAcfk?feature=oembed\" frameborder=\"0\" allow=\"accelerometer; autoplay; clipboard-write; encrypted-media; gyroscope; picture-in-picture; web-share\" referrerpolicy=\"strict-origin-when-cross-origin\" allowfullscreen><\/iframe>\n<\/div><\/figure>\n\n\n\n<p class=\"wp-block-paragraph\">Entre la informaci\u00f3n analizada se encuentra el Registro \u00danico de Damnificados y los reportes suministrados por las diferentes secretar\u00edas de la Gobernaci\u00f3n. Estos datos son utilizados para orientar las decisiones relacionadas tanto con la atenci\u00f3n inmediata como con las acciones de recuperaci\u00f3n a largo plazo.<\/p>\n\n\n\n<p class=\"wp-block-paragraph\">Para determinar las prioridades se establecieron dos herramientas de an\u00e1lisis. Una de ellas es el <strong>\u00cdndice de Criticidad Municipal<\/strong>, que tiene en cuenta variables como la proporci\u00f3n de viviendas afectadas, el n\u00famero de personas damnificadas, fallecidos y heridos.<\/p>\n\n\n\n<p class=\"wp-block-paragraph\">La segunda herramienta es el <strong>\u00cdndice de Vulnerabilidad<\/strong>, que incorpora aspectos relacionados con las condiciones de los municipios, la situaci\u00f3n de vivienda y pobreza, adem\u00e1s de factores como la conectividad, con el prop\u00f3sito de identificar condiciones que podr\u00edan dificultar el proceso de recuperaci\u00f3n.<\/p>\n\n\n\n<p class=\"wp-block-paragraph\">Seg\u00fan explic\u00f3 Zamora, la consolidaci\u00f3n de esta informaci\u00f3n permiti\u00f3 avanzar hacia una etapa de reconstrucci\u00f3n temprana antes del cronograma nacional, cuyo plazo para finalizar el diagn\u00f3stico temprano est\u00e1 establecido para el 30 de septiembre.<\/p>\n\n\n\n<p class=\"wp-block-paragraph\">El departamento busca ahora utilizar estos indicadores para orientar las decisiones y convertir la informaci\u00f3n recopilada en acciones dirigidas a las familias y territorios afectados.<\/p>\n\n\n\n<p class=\"wp-block-paragraph\">El siguiente paso ser\u00e1 determinar c\u00f3mo estos resultados se traducir\u00e1n en prioridades concretas de inversi\u00f3n y atenci\u00f3n para cada municipio.<\/p>\n\n\n\n<figure class=\"wp-block-video\"><\/figure>\n","protected":false},"excerpt":{"rendered":"<p>Los indicadores utilizados para establecer las prioridades de reconstrucci\u00f3n en los municipios afectados por el terremoto del pasado 10 de agosto fueron presentados ante la Asamblea Departamental durante una sesi\u00f3n virtual. Adri\u00e1n Zamora, gerente para la reconstrucci\u00f3n del Valle del Cauca, explic\u00f3 que desde los primeros d\u00edas de la emergencia se puso en funcionamiento un [&hellip;]<\/p>\n","protected":false},"author":3,"featured_media":51393,"comment_status":"open","ping_status":"open","sticky":false,"template":"","format":"video","meta":{"footnotes":""},"categories":[10,1515],"tags":[],"class_list":["post-51392","post","type-post","status-publish","format-video","has-post-thumbnail","hentry","category-cnc-noticias-tulua","category-cnc-tulua","post_format-post-format-video"],"_links":{"self":[{"href":"https:\/\/cnctulua.tv\/index.php?rest_route=\/wp\/v2\/posts\/51392","targetHints":{"allow":["GET"]}}],"collection":[{"href":"https:\/\/cnctulua.tv\/index.php?rest_route=\/wp\/v2\/posts"}],"about":[{"href":"https:\/\/cnctulua.tv\/index.php?rest_route=\/wp\/v2\/types\/post"}],"author":[{"embeddable":true,"href":"https:\/\/cnctulua.tv\/index.php?rest_route=\/wp\/v2\/users\/3"}],"replies":[{"embeddable":true,"href":"https:\/\/cnctulua.tv\/index.php?rest_route=%2Fwp%2Fv2%2Fcomments&post=51392"}],"version-history":[{"count":1,"href":"https:\/\/cnctulua.tv\/index.php?rest_route=\/wp\/v2\/posts\/51392\/revisions"}],"predecessor-version":[{"id":51394,"href":"https:\/\/cnctulua.tv\/index.php?rest_route=\/wp\/v2\/posts\/51392\/revisions\/51394"}],"wp:featuredmedia":[{"embeddable":true,"href":"https:\/\/cnctulua.tv\/index.php?rest_route=\/wp\/v2\/media\/51393"}],"wp:attachment":[{"href":"https:\/\/cnctulua.tv\/index.php?rest_route=%2Fwp%2Fv2%2Fmedia&parent=51392"}],"wp:term":[{"taxonomy":"category","embeddable":true,"href":"https:\/\/cnctulua.tv\/index.php?rest_route=%2Fwp%2Fv2%2Fcategories&post=51392"},{"taxonomy":"post_tag","embeddable":true,"href":"https:\/\/cnctulua.tv\/index.php?rest_route=%2Fwp%2Fv2%2Ftags&post=51392"}],"curies":[{"name":"wp","href":"https:\/\/api.w.org\/{rel}","templated":true}]}}