{"id":51399,"date":"2026-09-02T18:52:32","date_gmt":"2026-09-02T18:52:32","guid":{"rendered":"https:\/\/cnctulua.tv\/?p=51399"},"modified":"2026-09-02T18:52:32","modified_gmt":"2026-09-02T18:52:32","slug":"que-apoyo-internacional-podria-recibir-el-valle-para-enfrentar-la-reconstruccion-tras-el-terremoto","status":"publish","type":"post","link":"https:\/\/cnctulua.tv\/?p=51399","title":{"rendered":"\u00bfQU\u00c9 APOYO INTERNACIONAL PODR\u00cdA RECIBIR EL VALLE PARA ENFRENTAR LA RECONSTRUCCI\u00d3N TRAS EL TERREMOTO?"},"content":{"rendered":"\n<p class=\"wp-block-paragraph\">La Gobernaci\u00f3n del Valle del Cauca present\u00f3 ante una delegaci\u00f3n de la Uni\u00f3n Europea el panorama de afectaciones ocasionadas por el terremoto del pasado 10 de agosto y las principales necesidades que enfrenta el departamento durante la etapa de recuperaci\u00f3n.<\/p>\n\n\n\n<p class=\"wp-block-paragraph\">De acuerdo con el balance presentado por la administraci\u00f3n departamental, la emergencia deja hasta el momento m\u00e1s de <strong>249.000 personas damnificadas y cerca de 100.000 viviendas afectadas<\/strong>, adem\u00e1s de da\u00f1os reportados en instituciones educativas, hospitales y establecimientos comerciales.<\/p>\n\n\n\n<p class=\"wp-block-paragraph\">Durante el encuentro, la gobernadora Dilian Francisca Toro plante\u00f3 la necesidad de mantener las ayudas humanitarias mientras avanza la recuperaci\u00f3n y expuso alternativas para atender a los menores de cinco a\u00f1os cuyos Centros de Desarrollo Infantil resultaron afectados.<\/p>\n\n\n\n<p class=\"wp-block-paragraph\">Una de las propuestas contempla la instalaci\u00f3n de <strong>albergues educativos provisionales<\/strong>, con sistemas que permitan mantener la atenci\u00f3n de los menores mientras se adelanta la reconstrucci\u00f3n de las instalaciones afectadas.<\/p>\n\n\n\n<figure class=\"wp-block-embed is-type-video is-provider-youtube wp-block-embed-youtube wp-embed-aspect-16-9 wp-has-aspect-ratio\"><div class=\"wp-block-embed__wrapper\">\n<iframe loading=\"lazy\" title=\"\ud83c\udf0e M\u00c1S DE 249 MIL DAMNIFICADOS: VALLE PRESENT\u00d3 ANTE EUROPA SUS NECESIDADES PARA LA RECONSTRUCCI\u00d3N\" width=\"640\" height=\"360\" src=\"https:\/\/www.youtube.com\/embed\/faZy5BqyfM0?feature=oembed\" frameborder=\"0\" allow=\"accelerometer; autoplay; clipboard-write; encrypted-media; gyroscope; picture-in-picture; web-share\" referrerpolicy=\"strict-origin-when-cross-origin\" allowfullscreen><\/iframe>\n<\/div><\/figure>\n\n\n\n<p class=\"wp-block-paragraph\">En la reuni\u00f3n participaron representantes de embajadas de pa\u00edses europeos en Colombia, agencias de cooperaci\u00f3n y bancos de desarrollo. Seg\u00fan la Gobernaci\u00f3n, despu\u00e9s de conocer el panorama de la emergencia, los representantes manifestaron su disposici\u00f3n de acompa\u00f1ar el proceso de reconstrucci\u00f3n.<\/p>\n\n\n\n<p class=\"wp-block-paragraph\">Mar\u00eda Victoria Machado Anaya, directora de Hacienda y Finanzas P\u00fablicas de la Gobernaci\u00f3n, explic\u00f3 que entre los temas abordados se encuentran las ayudas humanitarias, la reconstrucci\u00f3n y alternativas para facilitar el regreso de los estudiantes a las aulas.<\/p>\n\n\n\n<p class=\"wp-block-paragraph\">La administraci\u00f3n departamental busca ampliar, mediante cooperaci\u00f3n internacional, las capacidades disponibles para atender las consecuencias del terremoto.<\/p>\n\n\n\n<p class=\"wp-block-paragraph\">El proceso de recuperaci\u00f3n plantea as\u00ed necesidades que van m\u00e1s all\u00e1 de la infraestructura, entre ellas garantizar la continuidad educativa, la atenci\u00f3n social y las condiciones necesarias para que las comunidades afectadas puedan retomar progresivamente sus actividades.<\/p>\n\n\n\n<p class=\"wp-block-paragraph\">Ahora queda por establecer c\u00f3mo se concretar\u00e1n los posibles mecanismos de cooperaci\u00f3n y qu\u00e9 recursos podr\u00e1n llegar efectivamente al departamento para respaldar la reconstrucci\u00f3n.<\/p>\n\n\n\n<figure class=\"wp-block-video\"><\/figure>\n","protected":false},"excerpt":{"rendered":"<p>La Gobernaci\u00f3n del Valle del Cauca present\u00f3 ante una delegaci\u00f3n de la Uni\u00f3n Europea el panorama de afectaciones ocasionadas por el terremoto del pasado 10 de agosto y las principales necesidades que enfrenta el departamento durante la etapa de recuperaci\u00f3n. De acuerdo con el balance presentado por la administraci\u00f3n departamental, la emergencia deja hasta el [&hellip;]<\/p>\n","protected":false},"author":3,"featured_media":51400,"comment_status":"open","ping_status":"open","sticky":false,"template":"","format":"video","meta":{"footnotes":""},"categories":[10,1515],"tags":[],"class_list":["post-51399","post","type-post","status-publish","format-video","has-post-thumbnail","hentry","category-cnc-noticias-tulua","category-cnc-tulua","post_format-post-format-video"],"_links":{"self":[{"href":"https:\/\/cnctulua.tv\/index.php?rest_route=\/wp\/v2\/posts\/51399","targetHints":{"allow":["GET"]}}],"collection":[{"href":"https:\/\/cnctulua.tv\/index.php?rest_route=\/wp\/v2\/posts"}],"about":[{"href":"https:\/\/cnctulua.tv\/index.php?rest_route=\/wp\/v2\/types\/post"}],"author":[{"embeddable":true,"href":"https:\/\/cnctulua.tv\/index.php?rest_route=\/wp\/v2\/users\/3"}],"replies":[{"embeddable":true,"href":"https:\/\/cnctulua.tv\/index.php?rest_route=%2Fwp%2Fv2%2Fcomments&post=51399"}],"version-history":[{"count":1,"href":"https:\/\/cnctulua.tv\/index.php?rest_route=\/wp\/v2\/posts\/51399\/revisions"}],"predecessor-version":[{"id":51401,"href":"https:\/\/cnctulua.tv\/index.php?rest_route=\/wp\/v2\/posts\/51399\/revisions\/51401"}],"wp:featuredmedia":[{"embeddable":true,"href":"https:\/\/cnctulua.tv\/index.php?rest_route=\/wp\/v2\/media\/51400"}],"wp:attachment":[{"href":"https:\/\/cnctulua.tv\/index.php?rest_route=%2Fwp%2Fv2%2Fmedia&parent=51399"}],"wp:term":[{"taxonomy":"category","embeddable":true,"href":"https:\/\/cnctulua.tv\/index.php?rest_route=%2Fwp%2Fv2%2Fcategories&post=51399"},{"taxonomy":"post_tag","embeddable":true,"href":"https:\/\/cnctulua.tv\/index.php?rest_route=%2Fwp%2Fv2%2Ftags&post=51399"}],"curies":[{"name":"wp","href":"https:\/\/api.w.org\/{rel}","templated":true}]}}