{"id":51411,"date":"2026-09-03T16:07:55","date_gmt":"2026-09-03T16:07:55","guid":{"rendered":"https:\/\/cnctulua.tv\/?p=51411"},"modified":"2026-09-03T16:07:55","modified_gmt":"2026-09-03T16:07:55","slug":"como-avanzara-la-reconstruccion-del-valle-sin-dejar-de-lado-las-demas-necesidades-sociales","status":"publish","type":"post","link":"https:\/\/cnctulua.tv\/?p=51411","title":{"rendered":"\u00bfC\u00d3MO AVANZAR\u00c1 LA RECONSTRUCCI\u00d3N DEL VALLE SIN DEJAR DE LADO LAS DEM\u00c1S NECESIDADES SOCIALES?"},"content":{"rendered":"\n<p class=\"wp-block-paragraph\">La Gobernaci\u00f3n del Valle del Cauca y el Ministerio del Interior ratificaron su intenci\u00f3n de mantener una coordinaci\u00f3n permanente para avanzar en el proceso de reconstrucci\u00f3n del departamento tras el terremoto del pasado 10 de agosto, al tiempo que contin\u00faan atendiendo otras agendas institucionales.<\/p>\n\n\n\n<p class=\"wp-block-paragraph\">Dentro de los temas abordados se encuentran la restituci\u00f3n de tierras, el di\u00e1logo social y la atenci\u00f3n a comunidades \u00e9tnicas, v\u00edctimas, mujeres, personas con discapacidad, poblaci\u00f3n afrodescendiente, pueblos ind\u00edgenas y otros sectores en condici\u00f3n de vulnerabilidad.<\/p>\n\n\n\n<p class=\"wp-block-paragraph\">La gobernadora del Valle, Dilian Francisca Toro, se\u00f1al\u00f3 la importancia de incorporar una atenci\u00f3n transversal dentro de los programas relacionados con la reconstrucci\u00f3n, particularmente en iniciativas de vivienda y otros beneficios dirigidos a las comunidades afectadas por la emergencia.<\/p>\n\n\n\n<figure class=\"wp-block-embed is-type-video is-provider-youtube wp-block-embed-youtube wp-embed-aspect-16-9 wp-has-aspect-ratio\"><div class=\"wp-block-embed__wrapper\">\n<iframe loading=\"lazy\" title=\"\ud83c\udfd7\ufe0f GOBERNACI\u00d3N Y MININTERIOR DEFINEN AGENDA PARA LA RECONSTRUCCI\u00d3N DEL VALLE TRAS EL TERREMOTO\" width=\"640\" height=\"360\" src=\"https:\/\/www.youtube.com\/embed\/vsw8DwmQ6VM?feature=oembed\" frameborder=\"0\" allow=\"accelerometer; autoplay; clipboard-write; encrypted-media; gyroscope; picture-in-picture; web-share\" referrerpolicy=\"strict-origin-when-cross-origin\" allowfullscreen><\/iframe>\n<\/div><\/figure>\n\n\n\n<p class=\"wp-block-paragraph\">Por su parte, el viceministro para el Di\u00e1logo Social y los Derechos Humanos, Jorge Ernesto Roa, destac\u00f3 la coordinaci\u00f3n entre el Gobierno Nacional y la administraci\u00f3n departamental para abordar asuntos sociales, \u00e9tnicos, religiosos y relacionados con las comunidades ind\u00edgenas.<\/p>\n\n\n\n<p class=\"wp-block-paragraph\">De acuerdo con lo informado, ambas instituciones continuar\u00e1n desarrollando mesas de trabajo conjuntas con el prop\u00f3sito de identificar y atender las necesidades de los diferentes territorios.<\/p>\n\n\n\n<p class=\"wp-block-paragraph\">El reto planteado ser\u00e1 mantener esta articulaci\u00f3n mientras avanzan simult\u00e1neamente la reconstrucci\u00f3n de las zonas afectadas por el terremoto y las dem\u00e1s demandas sociales que requieren atenci\u00f3n en el departamento.<\/p>\n\n\n\n<figure class=\"wp-block-video\"><\/figure>\n","protected":false},"excerpt":{"rendered":"<p>La Gobernaci\u00f3n del Valle del Cauca y el Ministerio del Interior ratificaron su intenci\u00f3n de mantener una coordinaci\u00f3n permanente para avanzar en el proceso de reconstrucci\u00f3n del departamento tras el terremoto del pasado 10 de agosto, al tiempo que contin\u00faan atendiendo otras agendas institucionales. Dentro de los temas abordados se encuentran la restituci\u00f3n de tierras, [&hellip;]<\/p>\n","protected":false},"author":3,"featured_media":51412,"comment_status":"open","ping_status":"open","sticky":false,"template":"","format":"video","meta":{"footnotes":""},"categories":[10,1515],"tags":[],"class_list":["post-51411","post","type-post","status-publish","format-video","has-post-thumbnail","hentry","category-cnc-noticias-tulua","category-cnc-tulua","post_format-post-format-video"],"_links":{"self":[{"href":"https:\/\/cnctulua.tv\/index.php?rest_route=\/wp\/v2\/posts\/51411","targetHints":{"allow":["GET"]}}],"collection":[{"href":"https:\/\/cnctulua.tv\/index.php?rest_route=\/wp\/v2\/posts"}],"about":[{"href":"https:\/\/cnctulua.tv\/index.php?rest_route=\/wp\/v2\/types\/post"}],"author":[{"embeddable":true,"href":"https:\/\/cnctulua.tv\/index.php?rest_route=\/wp\/v2\/users\/3"}],"replies":[{"embeddable":true,"href":"https:\/\/cnctulua.tv\/index.php?rest_route=%2Fwp%2Fv2%2Fcomments&post=51411"}],"version-history":[{"count":1,"href":"https:\/\/cnctulua.tv\/index.php?rest_route=\/wp\/v2\/posts\/51411\/revisions"}],"predecessor-version":[{"id":51413,"href":"https:\/\/cnctulua.tv\/index.php?rest_route=\/wp\/v2\/posts\/51411\/revisions\/51413"}],"wp:featuredmedia":[{"embeddable":true,"href":"https:\/\/cnctulua.tv\/index.php?rest_route=\/wp\/v2\/media\/51412"}],"wp:attachment":[{"href":"https:\/\/cnctulua.tv\/index.php?rest_route=%2Fwp%2Fv2%2Fmedia&parent=51411"}],"wp:term":[{"taxonomy":"category","embeddable":true,"href":"https:\/\/cnctulua.tv\/index.php?rest_route=%2Fwp%2Fv2%2Fcategories&post=51411"},{"taxonomy":"post_tag","embeddable":true,"href":"https:\/\/cnctulua.tv\/index.php?rest_route=%2Fwp%2Fv2%2Ftags&post=51411"}],"curies":[{"name":"wp","href":"https:\/\/api.w.org\/{rel}","templated":true}]}}